{"id":1093,"date":"2013-03-15T09:00:51","date_gmt":"2013-03-15T09:00:51","guid":{"rendered":"http:\/\/maquisdelorris.fr\/resistance\/?p=1093"},"modified":"2019-08-09T10:39:55","modified_gmt":"2019-08-09T10:39:55","slug":"les-laureates-du-concours-de-la-resistance-en-visite-au-musee","status":"publish","type":"post","link":"https:\/\/maquisdelorris.fr\/resistance\/?p=1093","title":{"rendered":"Les laur\u00e9at(e)s du Concours de la R\u00e9sistance en visite au Mus\u00e9e"},"content":{"rendered":"\n<p>Vous n\u2019\u00eates s\u00fbrement pas sans ignorer que les laur\u00e9ats de l\u2019\u00e9preuve individuelle du Concours National de la R\u00e9sistance et de la D\u00e9portation ont chaque ann\u00e9e dans le Loiret la chance de participer \u00e0 un voyage organis\u00e9 \u00e0 l\u2019initiative de la <a href=\"http:\/\/www.france-libre.net\/\" target=\"_blank\" rel=\"noopener noreferrer\">Fondation de la France Libre<\/a> au camp de concentration de Mauthausen. Rappelons qu\u2019\u00e0 l\u2019origine de cette tradition, on retrouve Yvette Kohler-Choquet qui s\u2019\u00e9tait investie durablement aux c\u00f4t\u00e9s des coll\u00e9giens et lyc\u00e9ens participant au Concours. R\u00e9sistante et d\u00e9port\u00e9e au camp de concentration de Ravensbr\u00fcck o\u00f9 elle aura ses 20 ans, Yvette Kohler-Choquet, grande amie de Genevi\u00e8ve de Gaulle-Anthonioz, a confi\u00e9 fin 2007 \u00e0 M.Jacheet, D\u00e9l\u00e9gu\u00e9 D\u00e9partemental de la Fondation de la France Libre, la lourde t\u00e2che de prendre le relais et d\u2019assurer cette mission qui lui tenait tant \u00e0 c\u0153ur.<\/p>\n\n\n\n<div class=\"wp-block-image\"><figure class=\"alignright\"><a href=\"https:\/\/maquisdelorris.fr\/resistance\/wp-content\/uploads\/2013\/03\/P1040205.jpg\"><img loading=\"lazy\" decoding=\"async\" width=\"300\" height=\"225\" src=\"https:\/\/maquisdelorris.fr\/resistance\/wp-content\/uploads\/2013\/03\/P1040205-300x225.jpg\" alt=\"P1040205\" class=\"wp-image-1094\" srcset=\"https:\/\/maquisdelorris.fr\/resistance\/wp-content\/uploads\/2013\/03\/P1040205-300x225.jpg 300w, https:\/\/maquisdelorris.fr\/resistance\/wp-content\/uploads\/2013\/03\/P1040205-1024x768.jpg 1024w, https:\/\/maquisdelorris.fr\/resistance\/wp-content\/uploads\/2013\/03\/P1040205.jpg 2048w\" sizes=\"auto, (max-width: 300px) 100vw, 300px\" \/><\/a><figcaption>Mauthausen, cr\u00e9dits photographiques Manon Gaignard-Gaillard, 2012<\/figcaption><\/figure><\/div>\n\n\n\n<p>En partenariat avec l\u2019<a href=\"http:\/\/www.campmauthausen.org\/\" target=\"_blank\" rel=\"noopener noreferrer\">Amicale de Mauthausen, D\u00e9port\u00e9s, Familles et Amis<\/a>, qui organise chaque ann\u00e9e deux voire trois voyages vers le camp principal de Mauthausen (tous ses camps annexes sont \u00e9galement alternativement explor\u00e9s d\u2019un voyage \u00e0 l\u2019autre), et gr\u00e2ce \u00e0 la participation financi\u00e8re de nombreux intervenants, Conseil G\u00e9n\u00e9ral, municipalit\u00e9s d\u2019Orl\u00e9ans et Montargis, Conseil R\u00e9gional, Office National des Anciens Combattants du Loiret, Rotary Club Orl\u00e9ans Beauce-Sologne, Soci\u00e9t\u00e9 d\u2019Entraide de la L\u00e9gion d\u2019Honneur, l\u2019Amicale du Loiret de la 2<sup>\u00e8me<\/sup> DB, et l\u2019Amicale des M\u00e9daill\u00e9s Militaires du Loiret, c\u2019est donc en compagnie d\u2019anciens d\u00e9port\u00e9s de Mauthausen et ses Kommandos, que nos deux laur\u00e9ates 2012 ont pu se rendre sur place en novembre dernier pour visiter les lieux et \u00e9couter leurs t\u00e9moignages. Profitons-en pour saluer M.Ledroit, bien connu d\u00e9sormais de toute une g\u00e9n\u00e9ration d\u2019\u00e9l\u00e8ves du Coll\u00e8ge des Bordes qui a su avec sa disponibilit\u00e9 et sa gentillesse habituelles guider nos laur\u00e9ates dans cet univers concentrationnaire si difficile \u00e0 appr\u00e9hender pour les plus jeunes.<\/p>\n\n\n\n<div class=\"wp-block-image\"><figure class=\"alignleft\"><a href=\"https:\/\/maquisdelorris.fr\/resistance\/wp-content\/uploads\/2013\/03\/P1050074-e1363337278286.jpg\"><img loading=\"lazy\" decoding=\"async\" width=\"225\" height=\"300\" src=\"https:\/\/maquisdelorris.fr\/resistance\/wp-content\/uploads\/2013\/03\/P1050074-e1363337278286-225x300.jpg\" alt=\"P1050074\" class=\"wp-image-1098\" srcset=\"https:\/\/maquisdelorris.fr\/resistance\/wp-content\/uploads\/2013\/03\/P1050074-e1363337278286-225x300.jpg 225w, https:\/\/maquisdelorris.fr\/resistance\/wp-content\/uploads\/2013\/03\/P1050074-e1363337278286-768x1024.jpg 768w, https:\/\/maquisdelorris.fr\/resistance\/wp-content\/uploads\/2013\/03\/P1050074-e1363337278286.jpg 1536w\" sizes=\"auto, (max-width: 225px) 100vw, 225px\" \/><\/a><figcaption>Henri Ledroit raconte son exp\u00e9rience aux jeunes, cr\u00e9dits photographiques Manon Gaignard-Gaillard, Mauthausen, 2012<\/figcaption><\/figure><\/div>\n\n\n\n<p>Vous aurez donc la joie de rencontrer ces deux brillantes laur\u00e9ates 2011-2012 du Concours National de la R\u00e9sistance et de la D\u00e9portation <span style=\"text-decoration: underline;\">demain apr\u00e8s-midi, au Mus\u00e9e D\u00e9partemental de la R\u00e9sistance et de la D\u00e9portation de Lorris, \u00e0 14h30<\/span>&nbsp;: Manon Gaignard-Gaillard, une ancienne \u00e9l\u00e8ve form\u00e9e au <a href=\"https:\/\/maquisdelorris.fr\/resistance\/?page_id=55\" target=\"_blank\" rel=\"noopener noreferrer\">Club R\u00e9sistance<\/a> des Bordes qui poursuit brillamment son chemin sur les m\u00e9andres du devoir de M\u00e9moire, et Charlotte Bertrand vous pr\u00e9senteront ainsi le camp de Mauthausen et quatre de ses camps annexes en compagnie d\u2019un professeur d\u2019Histoire M.Larrieu (groupe scolaire Saint-Fran\u00e7ois de Sales \u00e0 Gien dont elles sont toutes deux originaires), et se feront un plaisir de r\u00e9pondre aux questions&nbsp;! Ont \u00e9galement \u00e9t\u00e9 invit\u00e9s la famille d\u2019Yvette Kohler-Choquet bien s\u00fbr, ainsi que tous les partenaires qui ont&nbsp; particip\u00e9 \u00e0 la correction des \u00e9preuves individuelles et collectives du Concours National de la R\u00e9sistance et de la D\u00e9portation 2011-2012.<\/p>\n\n\n\n<p>Notez enfin qu\u2019\u00e0 l\u2019issue de leur expos\u00e9, Marie-Pierre Le Men m\u00e8nera en compagnie de nos deux laur\u00e9ates une visite guid\u00e9e du mus\u00e9e dont elle a le secret pour conclure l\u2019apr\u00e8s-midi. Venez nombreux !<\/p>\n","protected":false},"excerpt":{"rendered":"<p>Vous n\u2019\u00eates s\u00fbrement pas sans ignorer que les laur\u00e9ats de l\u2019\u00e9preuve individuelle du Concours National de la R\u00e9sistance et de la D\u00e9portation ont chaque ann\u00e9e dans le Loiret la chance de participer \u00e0 un voyage organis\u00e9 \u00e0 l\u2019initiative de la Fondation de la France Libre au camp de concentration de Mauthausen. Rappelons qu\u2019\u00e0 l\u2019origine de &hellip; <\/p>\n<p><a class=\"more-link btn\" href=\"https:\/\/maquisdelorris.fr\/resistance\/?p=1093\">Lire la suite<\/a><\/p>\n","protected":false},"author":5,"featured_media":0,"comment_status":"closed","ping_status":"open","sticky":false,"template":"","format":"standard","meta":{"footnotes":""},"categories":[],"tags":[],"class_list":["post-1093","post","type-post","status-publish","format-standard","hentry","item-wrap"],"aioseo_notices":[],"views":874,"_links":{"self":[{"href":"https:\/\/maquisdelorris.fr\/resistance\/index.php?rest_route=\/wp\/v2\/posts\/1093","targetHints":{"allow":["GET"]}}],"collection":[{"href":"https:\/\/maquisdelorris.fr\/resistance\/index.php?rest_route=\/wp\/v2\/posts"}],"about":[{"href":"https:\/\/maquisdelorris.fr\/resistance\/index.php?rest_route=\/wp\/v2\/types\/post"}],"author":[{"embeddable":true,"href":"https:\/\/maquisdelorris.fr\/resistance\/index.php?rest_route=\/wp\/v2\/users\/5"}],"replies":[{"embeddable":true,"href":"https:\/\/maquisdelorris.fr\/resistance\/index.php?rest_route=%2Fwp%2Fv2%2Fcomments&post=1093"}],"version-history":[{"count":0,"href":"https:\/\/maquisdelorris.fr\/resistance\/index.php?rest_route=\/wp\/v2\/posts\/1093\/revisions"}],"wp:attachment":[{"href":"https:\/\/maquisdelorris.fr\/resistance\/index.php?rest_route=%2Fwp%2Fv2%2Fmedia&parent=1093"}],"wp:term":[{"taxonomy":"category","embeddable":true,"href":"https:\/\/maquisdelorris.fr\/resistance\/index.php?rest_route=%2Fwp%2Fv2%2Fcategories&post=1093"},{"taxonomy":"post_tag","embeddable":true,"href":"https:\/\/maquisdelorris.fr\/resistance\/index.php?rest_route=%2Fwp%2Fv2%2Ftags&post=1093"}],"curies":[{"name":"wp","href":"https:\/\/api.w.org\/{rel}","templated":true}]}}