{"id":2426,"date":"2014-06-01T16:26:30","date_gmt":"2014-06-01T16:26:30","guid":{"rendered":"http:\/\/maquisdelorris.fr\/resistance\/?p=2426"},"modified":"2019-08-09T10:39:27","modified_gmt":"2019-08-09T10:39:27","slug":"lexposition-consacree-au-maquis-de-lorris-ce-mois-ci-au-musee-de-la-resistance","status":"publish","type":"post","link":"https:\/\/maquisdelorris.fr\/resistance\/?p=2426","title":{"rendered":"L&rsquo;exposition consacr\u00e9e au Maquis de Lorris ce mois-ci au Mus\u00e9e de la R\u00e9sistance !"},"content":{"rendered":"\n<p>A ne manquer sous aucun pr\u00e9texte \u00e0 partir du 7 juin prochain, venez d\u00e9couvrir au &nbsp;<a href=\"https:\/\/maquisdelorris.fr\/resistance\/?page_id=490\" target=\"_blank\" rel=\"noopener noreferrer\">Mus\u00e9e d\u00e9partemental de la R\u00e9sistance et de la D\u00e9portation de Lorris<\/a>&nbsp;la superbe exposition dont je vous parlais d\u00e8s le mois de mars, pr\u00e9par\u00e9e avec la rigueur et l&rsquo;enthousiasme habituels de&nbsp;notre \u00e9quipe de choc et de charme de Lorris ! Ce ne sont pas moins de 18 panneaux remarquablement illustr\u00e9s qui balayent ainsi toute l&rsquo;histoire du Maquis de Lorris :&nbsp;<strong>\u00ab\u00a0Le Maquis de Lorris, de sa cr\u00e9ation \u00e0 sa dissolution\u00a0\u00bb<\/strong>.<\/p>\n\n\n\n<p>Pour \u00eatre tout \u00e0 fait complet, vous trouverez \u00e9galement sur le flyer ci-dessous la liste compl\u00e8te et r\u00e9actualis\u00e9e de toutes les manifestations pr\u00e9vues par le mus\u00e9e \u00e0 l&rsquo;occasion du 70\u00e8me anniversaire du maquis et de la Lib\u00e9ration&nbsp;de la France (voir le&nbsp;<a href=\"http:\/\/www.le70e.fr\/\" target=\"_blank\" rel=\"noopener noreferrer\">portail officiel d\u00e9di\u00e9 aux comm\u00e9morations du 70\u00e8me anniversaire de la lib\u00e9ration du territoire et de la victoire sur la barbarie nazie<\/a>), toujours en partenariat avec l&rsquo;<a href=\"https:\/\/maquisdelorris.fr\/resistance\/?page_id=1145\">AFAAM<\/a>&nbsp;qui a bien s\u00fbr aussi particip\u00e9 \u00e0 l&rsquo;\u00e9laboration des panneaux : conf\u00e9rences, rencontres, d\u00e9couverte du site en for\u00eat, \u00e0 pied ou en v\u00e9hicule d&rsquo;\u00e9poque, une nouvelle lecture th\u00e9\u00e2tralis\u00e9e de nos Sangliers, et bien s\u00fbr la grande c\u00e9r\u00e9monie de comm\u00e9moration du 10 ao\u00fbt prochain, tous les d\u00e9tails de trouvent ici :<\/p>\n\n\n\n<p><span style=\"color: #ffffff;\">__________________________________________________________________________________________________________<\/span><\/p>\n\n\n\n<div class=\"wp-block-image\"><figure class=\"aligncenter is-resized\"><a href=\"https:\/\/maquisdelorris.fr\/resistance\/wp-content\/uploads\/2014\/05\/Plaquette-expo-musee-2014-1.jpg\"><img loading=\"lazy\" decoding=\"async\" src=\"https:\/\/maquisdelorris.fr\/resistance\/wp-content\/uploads\/2014\/05\/Plaquette-expo-musee-2014-1.jpg\" alt=\"Plaquette expo musee 2014 (1)\" class=\"wp-image-2414\" width=\"410\" height=\"614\" srcset=\"https:\/\/maquisdelorris.fr\/resistance\/wp-content\/uploads\/2014\/05\/Plaquette-expo-musee-2014-1.jpg 606w, https:\/\/maquisdelorris.fr\/resistance\/wp-content\/uploads\/2014\/05\/Plaquette-expo-musee-2014-1-200x300.jpg 200w\" sizes=\"auto, (max-width: 410px) 100vw, 410px\" \/><\/a><\/figure><\/div>\n\n\n\n<div class=\"wp-block-image\"><figure class=\"aligncenter is-resized\"><a href=\"https:\/\/maquisdelorris.fr\/resistance\/wp-content\/uploads\/2014\/05\/Plaquette-expo-musee-2014-2.jpg\"><img loading=\"lazy\" decoding=\"async\" src=\"https:\/\/maquisdelorris.fr\/resistance\/wp-content\/uploads\/2014\/05\/Plaquette-expo-musee-2014-2.jpg\" alt=\"Plaquette expo musee 2014 (2)\" class=\"wp-image-2415\" width=\"409\" height=\"582\" srcset=\"https:\/\/maquisdelorris.fr\/resistance\/wp-content\/uploads\/2014\/05\/Plaquette-expo-musee-2014-2.jpg 629w, https:\/\/maquisdelorris.fr\/resistance\/wp-content\/uploads\/2014\/05\/Plaquette-expo-musee-2014-2-210x300.jpg 210w\" sizes=\"auto, (max-width: 409px) 100vw, 409px\" \/><\/a><\/figure><\/div>\n\n\n\n<p>Utilisez le petit plan ci-dessous pour vous rendre au Carrefour d\u00e8s maintenant (profitez du soleil !), et venir rendre hommage aux anciens du maquis le 10 ao\u00fbt prochain (cliquez sur le rep\u00e8re pour plus d&rsquo;infos).<span style=\"color: #ffffff;\">_________________________________________<\/span><\/p>\n\n\n\n","protected":false},"excerpt":{"rendered":"<p>A ne manquer sous aucun pr\u00e9texte \u00e0 partir du 7 juin prochain, venez d\u00e9couvrir au &nbsp;Mus\u00e9e d\u00e9partemental de la R\u00e9sistance et de la D\u00e9portation de Lorris&nbsp;la superbe exposition dont je vous parlais d\u00e8s le mois de mars, pr\u00e9par\u00e9e avec la rigueur et l&rsquo;enthousiasme habituels de&nbsp;notre \u00e9quipe de choc et de charme de Lorris ! Ce &hellip; <\/p>\n<p><a class=\"more-link btn\" href=\"https:\/\/maquisdelorris.fr\/resistance\/?p=2426\">Lire la suite<\/a><\/p>\n","protected":false},"author":5,"featured_media":0,"comment_status":"closed","ping_status":"open","sticky":false,"template":"","format":"standard","meta":{"footnotes":""},"categories":[],"tags":[],"class_list":["post-2426","post","type-post","status-publish","format-standard","hentry","item-wrap"],"aioseo_notices":[],"views":689,"_links":{"self":[{"href":"https:\/\/maquisdelorris.fr\/resistance\/index.php?rest_route=\/wp\/v2\/posts\/2426","targetHints":{"allow":["GET"]}}],"collection":[{"href":"https:\/\/maquisdelorris.fr\/resistance\/index.php?rest_route=\/wp\/v2\/posts"}],"about":[{"href":"https:\/\/maquisdelorris.fr\/resistance\/index.php?rest_route=\/wp\/v2\/types\/post"}],"author":[{"embeddable":true,"href":"https:\/\/maquisdelorris.fr\/resistance\/index.php?rest_route=\/wp\/v2\/users\/5"}],"replies":[{"embeddable":true,"href":"https:\/\/maquisdelorris.fr\/resistance\/index.php?rest_route=%2Fwp%2Fv2%2Fcomments&post=2426"}],"version-history":[{"count":0,"href":"https:\/\/maquisdelorris.fr\/resistance\/index.php?rest_route=\/wp\/v2\/posts\/2426\/revisions"}],"wp:attachment":[{"href":"https:\/\/maquisdelorris.fr\/resistance\/index.php?rest_route=%2Fwp%2Fv2%2Fmedia&parent=2426"}],"wp:term":[{"taxonomy":"category","embeddable":true,"href":"https:\/\/maquisdelorris.fr\/resistance\/index.php?rest_route=%2Fwp%2Fv2%2Fcategories&post=2426"},{"taxonomy":"post_tag","embeddable":true,"href":"https:\/\/maquisdelorris.fr\/resistance\/index.php?rest_route=%2Fwp%2Fv2%2Ftags&post=2426"}],"curies":[{"name":"wp","href":"https:\/\/api.w.org\/{rel}","templated":true}]}}