{"id":2587,"date":"2014-08-05T20:56:29","date_gmt":"2014-08-05T20:56:29","guid":{"rendered":"http:\/\/maquisdelorris.fr\/resistance\/?p=2587"},"modified":"2019-08-09T10:39:23","modified_gmt":"2019-08-09T10:39:23","slug":"lattaque-du-maquis-de-lorris","status":"publish","type":"post","link":"https:\/\/maquisdelorris.fr\/resistance\/?p=2587","title":{"rendered":"L&rsquo;attaque du maquis de Lorris"},"content":{"rendered":"\n<p>A quelques jours des c\u00e9r\u00e9monies de comm\u00e9moration du 70<sup>\u00e8me&nbsp;<\/sup>anniversaire de <a href=\"https:\/\/maquisdelorris.fr\/resistance\/?page_id=105\">l&rsquo;attaque allemande&nbsp;du 14 ao\u00fbt 1944<\/a> au <a href=\"https:\/\/maquisdelorris.fr\/resistance\/?page_id=109\">Carrefour de la r\u00e9sistance<\/a>, le&nbsp;<a style=\"color: #008c9e;\" href=\"https:\/\/maquisdelorris.fr\/resistance\/?page_id=490\">Mus\u00e9e de la R\u00e9sistance et de la d\u00e9portation de Lorris<\/a>&nbsp;poursuit son&nbsp;cycle de conf\u00e9rences sur l&rsquo;histoire du maquis de Lorris avec notre ami&nbsp;<strong>Bernard Chalopin<\/strong>,&nbsp;alias Tony, ancien maquisard d\u00e9sormais bien connu de tous ceux qui suivent l&rsquo;\u00e9volution de notre petit site, et&nbsp;<strong>Marie-Pierre Lemen<\/strong>, responsable du mus\u00e9e, qui&nbsp;reviendront ensemble et en d\u00e9tails sur <strong>l&rsquo;attaque du maquis de Lorris<\/strong>,&nbsp;d\u00e9cimant en partie le maquis, et sur le drame qui se d\u00e9roula au Carrefour d&rsquo;Orl\u00e9ans.<\/p>\n\n\n\n<p>La rencontre aura lieu au <span style=\"text-decoration: underline;\">Centre culturel du Martroi \u00e0 Lorris<\/span>&nbsp;(\u00e0 150 m\u00e8tres du mus\u00e9e)&nbsp;<span style=\"text-decoration: underline;\">samedi 9 ao\u00fbt&nbsp;2014<\/span><\/p>\n\n\n\n<p><span style=\"text-decoration: underline;\">Entr\u00e9e libre et gratuite \u00e0 15h<\/span><\/p>\n\n\n\n<div class=\"wp-block-image\"><figure class=\"alignleft\"><a href=\"https:\/\/maquisdelorris.fr\/resistance\/wp-content\/uploads\/2014\/05\/Plaquette-expo-musee-2014-1.jpg\"><img loading=\"lazy\" decoding=\"async\" width=\"200\" height=\"300\" src=\"https:\/\/maquisdelorris.fr\/resistance\/wp-content\/uploads\/2014\/05\/Plaquette-expo-musee-2014-1-200x300.jpg\" alt=\"Plaquette expo musee 2014 (1)\" class=\"wp-image-2414\" srcset=\"https:\/\/maquisdelorris.fr\/resistance\/wp-content\/uploads\/2014\/05\/Plaquette-expo-musee-2014-1-200x300.jpg 200w, https:\/\/maquisdelorris.fr\/resistance\/wp-content\/uploads\/2014\/05\/Plaquette-expo-musee-2014-1.jpg 606w\" sizes=\"auto, (max-width: 200px) 100vw, 200px\" \/><\/a><\/figure><\/div>\n\n\n\n<p>Je vous rappelle \u00e9galement que&nbsp;le mus\u00e9e vous accueille tous les jours d&rsquo;ao\u00fbt de 10h \u00e0 12h et de 14h \u00e0&nbsp;18h pour d\u00e9couvrir&nbsp;<strong>l&rsquo;exposition-hommage in\u00e9dite&nbsp;<a href=\"https:\/\/maquisdelorris.fr\/resistance\/?p=2426\"><em>Le maquis de Lorris, de sa cr\u00e9ation \u00e0 sa dissolution<\/em><\/a><\/strong>. Celle-ci&nbsp;revient sur les origines du maquis et sur son \u00e9volution pour devenir en ao\u00fbt 1944 le plus important du Loiret et participer aux lib\u00e9rations des villes et villages du sud du Loiret et de Paris. Les 18 panneaux d\u00e9taillent le quotidien des r\u00e9sistants et leurs actions (parachutages, sabotages, ravitaillement, vie en for\u00eat&#8230;). Des mat\u00e9riels, photos, documents, uniformes d\u2019\u00e9poque compl\u00e8tent cette plong\u00e9e m\u00e9morielle au c\u0153ur du maquis de Lorris, d\u2019hier \u00e0 aujourd\u2019hui.<\/p>\n\n\n\n<p>Une borne informatique en libre service permet aux visiteurs de consulter un fichier num\u00e9rique r\u00e9pertoriant les maquisards de Lorris.<\/p>\n\n\n\n<p><strong>Les 9, 15 et 16 ao\u00fbt de 14h30 \u00e0 17h30&nbsp;:<\/strong>&nbsp;Balades en v\u00e9hicules militaires am\u00e9ricains du Ruquet Memory Club du Loiret. D\u00e9part du mus\u00e9e toutes les heures vers le Carrefour. Intervention d\u2019un guide sur la tragique journ\u00e9e du 14 ao\u00fbt 1944 o\u00f9 48 maquisards p\u00e9rirent lors de l\u2019attaque allemande. Sur r\u00e9servation.<\/p>\n\n\n\n<p><strong>Les 9, 15, 16 et 17 ao\u00fbt \u00e0 21h&nbsp;:<\/strong>&nbsp;Lecture th\u00e9\u00e2tralis\u00e9e&nbsp;<strong><a href=\"https:\/\/maquisdelorris.fr\/resistance\/?page_id=286\"><em>Les sangliers sortent du bois<\/em><\/a><\/strong>&nbsp;de Beno\u00eet Momboisse par Eric C\u00e9nat du Th\u00e9\u00e2tre de l\u2019Impr\u00e9vu d\u2019Orl\u00e9ans. Jardin du mus\u00e9e. Sur r\u00e9servation.<\/p>\n\n\n\n<p>N&rsquo;oubliez pas non plus l\u2019application iphone <strong><a href=\"https:\/\/maquisdelorris.fr\/resistance\/?p=2422\"><em>\u00ab&nbsp;Du Carrefour d\u2019Orl\u00e9ans au Carrefour de&nbsp;la R\u00e9sistance&nbsp;\u00bb<\/em><\/a><\/strong> r\u00e9alis\u00e9e par l\u2019ONF, pour une approche sonore de l\u2019histoire du carrefour d&rsquo;Orl\u00e9ans. Possibilit\u00e9 de t\u00e9l\u00e9charger gratuitement l\u2019application ou d\u2019emprunter le mat\u00e9riel d\u2019\u00e9coute n\u00e9cessaire au mus\u00e9e et \u00e0 l\u2019Office de Tourisme.<\/p>\n","protected":false},"excerpt":{"rendered":"<p>A quelques jours des c\u00e9r\u00e9monies de comm\u00e9moration du 70\u00e8me&nbsp;anniversaire de l&rsquo;attaque allemande&nbsp;du 14 ao\u00fbt 1944 au Carrefour de la r\u00e9sistance, le&nbsp;Mus\u00e9e de la R\u00e9sistance et de la d\u00e9portation de Lorris&nbsp;poursuit son&nbsp;cycle de conf\u00e9rences sur l&rsquo;histoire du maquis de Lorris avec notre ami&nbsp;Bernard Chalopin,&nbsp;alias Tony, ancien maquisard d\u00e9sormais bien connu de tous ceux qui suivent l&rsquo;\u00e9volution &hellip; <\/p>\n<p><a class=\"more-link btn\" href=\"https:\/\/maquisdelorris.fr\/resistance\/?p=2587\">Lire la suite<\/a><\/p>\n","protected":false},"author":5,"featured_media":0,"comment_status":"closed","ping_status":"open","sticky":false,"template":"","format":"standard","meta":{"footnotes":""},"categories":[],"tags":[],"class_list":["post-2587","post","type-post","status-publish","format-standard","hentry","item-wrap"],"aioseo_notices":[],"views":648,"_links":{"self":[{"href":"https:\/\/maquisdelorris.fr\/resistance\/index.php?rest_route=\/wp\/v2\/posts\/2587","targetHints":{"allow":["GET"]}}],"collection":[{"href":"https:\/\/maquisdelorris.fr\/resistance\/index.php?rest_route=\/wp\/v2\/posts"}],"about":[{"href":"https:\/\/maquisdelorris.fr\/resistance\/index.php?rest_route=\/wp\/v2\/types\/post"}],"author":[{"embeddable":true,"href":"https:\/\/maquisdelorris.fr\/resistance\/index.php?rest_route=\/wp\/v2\/users\/5"}],"replies":[{"embeddable":true,"href":"https:\/\/maquisdelorris.fr\/resistance\/index.php?rest_route=%2Fwp%2Fv2%2Fcomments&post=2587"}],"version-history":[{"count":0,"href":"https:\/\/maquisdelorris.fr\/resistance\/index.php?rest_route=\/wp\/v2\/posts\/2587\/revisions"}],"wp:attachment":[{"href":"https:\/\/maquisdelorris.fr\/resistance\/index.php?rest_route=%2Fwp%2Fv2%2Fmedia&parent=2587"}],"wp:term":[{"taxonomy":"category","embeddable":true,"href":"https:\/\/maquisdelorris.fr\/resistance\/index.php?rest_route=%2Fwp%2Fv2%2Fcategories&post=2587"},{"taxonomy":"post_tag","embeddable":true,"href":"https:\/\/maquisdelorris.fr\/resistance\/index.php?rest_route=%2Fwp%2Fv2%2Ftags&post=2587"}],"curies":[{"name":"wp","href":"https:\/\/api.w.org\/{rel}","templated":true}]}}