{"id":2686,"date":"2014-08-20T17:34:19","date_gmt":"2014-08-20T17:34:19","guid":{"rendered":"http:\/\/maquisdelorris.fr\/resistance\/?p=2686"},"modified":"2019-08-09T10:39:22","modified_gmt":"2019-08-09T10:39:22","slug":"un-70eme-anniversaire-dignement-celebre-au-carrefour-de-la-resistance","status":"publish","type":"post","link":"https:\/\/maquisdelorris.fr\/resistance\/?p=2686","title":{"rendered":"La 2\u00e8me DB et les maquisards de Lorris dans la lib\u00e9ration de Paris !"},"content":{"rendered":"\n<div class=\"wp-block-image wp-image-2696\"><figure class=\"alignright is-resized\"><img loading=\"lazy\" decoding=\"async\" src=\"https:\/\/maquisdelorris.fr\/resistance\/wp-content\/uploads\/2014\/08\/DSCN6008.jpg\" alt=\"DSCN6008\" class=\"wp-image-2696\" width=\"362\" height=\"270\"\/><figcaption>Bernard Chalopin \u00e0 gauche en grande discussion avec Jacques Blain, sous le regard de&nbsp;Jean H\u00e9au, Andr\u00e9 Rousseau, et Robert Turpin (Droits r\u00e9serv\u00e9s, AFAAM, 2014)<\/figcaption><\/figure><\/div>\n\n\n\n<p>Profitons de ces derniers jours d&rsquo;ao\u00fbt pour saluer&nbsp;le succ\u00e8s cet \u00e9t\u00e9 des activit\u00e9s mises en place par l&rsquo;<a href=\"https:\/\/maquisdelorris.fr\/resistance\/?page_id=1145\">AFAAM<\/a>&nbsp;et&nbsp;le&nbsp;<a style=\"color: #008c9e;\" href=\"https:\/\/maquisdelorris.fr\/resistance\/?page_id=490\">Mus\u00e9e de la R\u00e9sistance et de la d\u00e9portation de Lorris<\/a>&nbsp;:&nbsp;les balades en v\u00e9hicules militaires am\u00e9ricains du Ruquet Memory Club du Loiret, comme les lectures th\u00e9\u00e2tralis\u00e9es de l&rsquo;ouvrage&nbsp;<strong><em><a href=\"https:\/\/maquisdelorris.fr\/resistance\/?page_id=286\">Les sangliers sortent du bois<\/a><\/em><\/strong>, ont trouv\u00e9 leur public au coeur de l&rsquo;\u00e9t\u00e9 !&nbsp;Il y avait du monde aussi&nbsp;salle du Martroi \u00e0 Lorris le 9 ao\u00fbt dernier pour \u00e9couter le r\u00e9cit par nos vaillants maquisards de l&rsquo;attaque du 14 ao\u00fbt 1944 par les forces du r\u00e9giment allemand de s\u00e9curit\u00e9 1010. Foule des grands jours le lendemain&nbsp;10 ao\u00fbt \u00e9galement&nbsp;pour saluer les m\u00eames anciens lors des <a href=\"https:\/\/maquisdelorris.fr\/resistance\/?p=2806\">c\u00e9r\u00e9monies du&nbsp;70<sup>\u00e8me&nbsp;<\/sup>anniversaire de&nbsp;l&rsquo;attaque allemande&nbsp;du 14 ao\u00fbt 1944&nbsp;au&nbsp;Carrefour de la r\u00e9sistance<\/a>.<\/p>\n\n\n\n<p>Et ce n&rsquo;est pas termin\u00e9 puisque le&nbsp;<a style=\"color: #008c9e;\" href=\"https:\/\/maquisdelorris.fr\/resistance\/?page_id=490\">Mus\u00e9e de la R\u00e9sistance et de la d\u00e9portation de Lorris<\/a>&nbsp;vous propose donc samedi prochain l&rsquo;avant-derni\u00e8re de ses 7 conf\u00e9rences de l&rsquo;\u00e9t\u00e9 sur l&rsquo;histoire du maquis de Lorris, avec la pr\u00e9sence cette &nbsp;fois de<strong> Laurent Fournier<\/strong> et <strong>Alain Eymard<\/strong>, co-auteurs de l&rsquo;ouvrage :&nbsp;<strong><em>La 2<sup>\u00e8me&nbsp;<\/sup>DB dans la Lib\u00e9ration de Paris et sa r\u00e9gion<\/em><\/strong>.<\/p>\n\n\n\n<div class=\"wp-block-image\"><figure class=\"alignleft is-resized\"><img loading=\"lazy\" decoding=\"async\" src=\"https:\/\/maquisdelorris.fr\/resistance\/wp-content\/uploads\/2014\/08\/2db-paris-tome-1.jpg\" alt=\"2db paris tome 1\" class=\"wp-image-2691\" width=\"265\" height=\"356\"\/><\/figure><\/div>\n\n\n\n<div class=\"wp-block-image\"><figure class=\"alignright is-resized\"><img loading=\"lazy\" decoding=\"async\" src=\"https:\/\/maquisdelorris.fr\/resistance\/wp-content\/uploads\/2014\/08\/2db-paris-tome-2.jpg\" alt=\"2db paris tome 2\" class=\"wp-image-2692\" width=\"255\" height=\"353\" srcset=\"https:\/\/maquisdelorris.fr\/resistance\/wp-content\/uploads\/2014\/08\/2db-paris-tome-2.jpg 350w, https:\/\/maquisdelorris.fr\/resistance\/wp-content\/uploads\/2014\/08\/2db-paris-tome-2-216x300.jpg 216w\" sizes=\"auto, (max-width: 255px) 100vw, 255px\" \/><\/figure><\/div>\n\n\n\n<p>Leur ouvrage est le r\u00e9sultat de vingt ans de recherches, de rep\u00e9rages minutieux, de d\u00e9pouillement d\u2019archives, d&rsquo;\u00e9tude des journaux de marche des r\u00e9giments engag\u00e9s, et d&rsquo;analyse des nombreux t\u00e9moignages des r\u00e9sistants et des habitants des villes et arrondissements lib\u00e9r\u00e9s par les soldats du g\u00e9n\u00e9ral Leclerc. Un premier tome traite des durs affrontements dans la banlieue sud, raconte l\u2019entr\u00e9e de la&nbsp;2<sup>\u00e8me&nbsp;<\/sup>DB&nbsp;dans la capitale le soir du 24 ao\u00fbt 1944, et les premiers combats du 25. Le second tome relate tous les engagements de la journ\u00e9e du 25 (les Tuileries, le Luxembourg, la Chambre des d\u00e9put\u00e9s, etc.), jusqu&rsquo;\u00e0 la reddition, les combats de Neuilly, le d\u00e9fil\u00e9 du 26 ao\u00fbt, la descente des Champs-\u00c9lys\u00e9es et la c\u00e9r\u00e9monie \u00e0 Notre-Dame, les combats en banlieue nord, et le d\u00e9part pour l\u2019Est de la France.<\/p>\n\n\n\n<p>Ces r\u00e9cits sont illustr\u00e9s par plus de 1600 photographies d\u2019\u00e9poque, la plus grande partie in\u00e9dites provenant de fonds priv\u00e9s ou de collections familiales.<\/p>\n\n\n\n<p>Les deux auteurs vous d\u00e9tailleront, documents \u00e0 l&rsquo;appui, les combats pour la lib\u00e9ration de la capitale, en insistant bien entendu sur le r\u00f4le crucial des maquisards du Loiret ! Notez que notre ami <strong>Bernard Chalopin<\/strong> repr\u00e9sentera les anciens du maquis de Lorris, pour livrer son r\u00e9cit de ces deux jours de combats \u00e0 Paris avec la Compagnie Albin. Rappelons que ces combats firent <a href=\"https:\/\/maquisdelorris.fr\/resistance\/?page_id=1550\">8 morts<\/a> dans les rangs des r\u00e9sistants de Lorris, et de nombreux bless\u00e9s apr\u00e8s de durs affrontements \u00e0 l&rsquo;Ecole militaire, aux Tuileries et sur les ponts de la capitale.<\/p>\n\n\n\n<p>La rencontre aura lieu au&nbsp;Centre culturel du Martroi \u00e0 Lorris&nbsp;(\u00e0 150 m\u00e8tres du mus\u00e9e)&nbsp;samedi 23 ao\u00fbt&nbsp;2014<\/p>\n\n\n\n<p>Entr\u00e9e libre et gratuite \u00e0 15h<\/p>\n\n\n\n<p>Une d\u00e9dicace de ces&nbsp;deux ouvrages&nbsp;tr\u00e8s document\u00e9s sur la lib\u00e9ration de&nbsp;Paris prolongera cette rencontre.<\/p>\n\n\n\n<div class=\"wp-block-image\"><figure class=\"alignleft\"><a href=\"https:\/\/maquisdelorris.fr\/resistance\/wp-content\/uploads\/2014\/05\/Plaquette-expo-musee-2014-1.jpg\"><img loading=\"lazy\" decoding=\"async\" width=\"200\" height=\"300\" src=\"https:\/\/maquisdelorris.fr\/resistance\/wp-content\/uploads\/2014\/05\/Plaquette-expo-musee-2014-1-200x300.jpg\" alt=\"Plaquette expo musee 2014 (1)\" class=\"wp-image-2414\" srcset=\"https:\/\/maquisdelorris.fr\/resistance\/wp-content\/uploads\/2014\/05\/Plaquette-expo-musee-2014-1-200x300.jpg 200w, https:\/\/maquisdelorris.fr\/resistance\/wp-content\/uploads\/2014\/05\/Plaquette-expo-musee-2014-1.jpg 606w\" sizes=\"auto, (max-width: 200px) 100vw, 200px\" \/><\/a><\/figure><\/div>\n\n\n\n<p>Je vous rappelle comme toujours&nbsp;que&nbsp;le mus\u00e9e vous accueille encore tous les jours d&rsquo;ao\u00fbt de 10h \u00e0 12h et de 14h \u00e0&nbsp;18h pour d\u00e9couvrir&nbsp;<strong>l&rsquo;exposition-hommage in\u00e9dite&nbsp;<a href=\"https:\/\/maquisdelorris.fr\/resistance\/?p=2426\"><em>Le maquis de Lorris, de sa cr\u00e9ation \u00e0 sa dissolution<\/em><\/a><\/strong>. Celle-ci&nbsp;revient sur les origines du maquis et sur son \u00e9volution pour devenir en ao\u00fbt 1944 le plus important du Loiret et participer aux lib\u00e9rations des villes et villages du sud du Loiret et de Paris. Les 18 panneaux d\u00e9taillent le quotidien des r\u00e9sistants et leurs actions (parachutages, sabotages, ravitaillement, vie en for\u00eat&#8230;). Des mat\u00e9riels, photos, documents, uniformes d\u2019\u00e9poque compl\u00e8tent cette plong\u00e9e m\u00e9morielle au c\u0153ur du maquis de Lorris, d\u2019hier \u00e0 aujourd\u2019hui.<\/p>\n\n\n\n<div class=\"wp-block-image wp-image-2698\"><figure class=\"alignright is-resized\"><img loading=\"lazy\" decoding=\"async\" src=\"https:\/\/maquisdelorris.fr\/resistance\/wp-content\/uploads\/2014\/08\/IMG_9221.jpg\" alt=\"IMG_9221\" class=\"wp-image-2698\" width=\"247\" height=\"329\" srcset=\"https:\/\/maquisdelorris.fr\/resistance\/wp-content\/uploads\/2014\/08\/IMG_9221.jpg 576w, https:\/\/maquisdelorris.fr\/resistance\/wp-content\/uploads\/2014\/08\/IMG_9221-225x300.jpg 225w\" sizes=\"auto, (max-width: 247px) 100vw, 247px\" \/><figcaption>La fiche de Numa Four\u00e8s sur la borne d\u00e9di\u00e9e du mus\u00e9e de Lorris, (Droits r\u00e9serv\u00e9s, Mus\u00e9e D\u00e9partemental de la R\u00e9sistance et de la D\u00e9portation, Lorris)<\/figcaption><\/figure><\/div>\n\n\n\n<p>Une borne informatique en libre service permet aux visiteurs de consulter un fichier num\u00e9rique r\u00e9pertoriant les maquisards de Lorris, voici l&rsquo;exemple de la fiche de Numa Four\u00e8s ci-contre.<\/p>\n\n\n\n<p>N&rsquo;oubliez pas non plus l\u2019application iphone&nbsp;<strong><a href=\"https:\/\/maquisdelorris.fr\/resistance\/?p=2422\"><em>\u00ab&nbsp;Du Carrefour d\u2019Orl\u00e9ans au Carrefour de&nbsp;la R\u00e9sistance&nbsp;\u00bb<\/em><\/a><\/strong>&nbsp;r\u00e9alis\u00e9e par l\u2019ONF, pour une approche sonore de l\u2019histoire du carrefour d&rsquo;Orl\u00e9ans (possibilit\u00e9 de t\u00e9l\u00e9charger gratuitement l\u2019application ou d\u2019emprunter le mat\u00e9riel d\u2019\u00e9coute n\u00e9cessaire au mus\u00e9e et \u00e0 l\u2019Office de Tourisme).<\/p>\n\n\n\n<div class=\"wp-block-image\"><figure class=\"alignleft is-resized\"><img loading=\"lazy\" decoding=\"async\" src=\"https:\/\/maquisdelorris.fr\/resistance\/wp-content\/uploads\/2014\/05\/depliant_geophonia_Resist_1.jpg\" alt=\"depliant_geophonia_Resist_1\" class=\"wp-image-2410\" width=\"328\" height=\"231\" srcset=\"https:\/\/maquisdelorris.fr\/resistance\/wp-content\/uploads\/2014\/05\/depliant_geophonia_Resist_1.jpg 1284w, https:\/\/maquisdelorris.fr\/resistance\/wp-content\/uploads\/2014\/05\/depliant_geophonia_Resist_1-300x211.jpg 300w, https:\/\/maquisdelorris.fr\/resistance\/wp-content\/uploads\/2014\/05\/depliant_geophonia_Resist_1-1024x723.jpg 1024w\" sizes=\"auto, (max-width: 328px) 100vw, 328px\" \/><\/figure><\/div>\n\n\n\n<p>J&rsquo;en profite d&rsquo;ailleurs pour vous communiquer 2-3 liens int\u00e9ressants sur le sujet :<\/p>\n\n\n\n<p>&#8211; Retrouvez tout d&rsquo;abord l&rsquo;\u00e9mission radio de MegaFM <em>Circulez y&rsquo;a tout \u00e0 voir<\/em> du 2 ao\u00fbt dernier,&nbsp;avec&nbsp;<strong>Marie Pierre Lemen,&nbsp;<\/strong>responsable du mus\u00e9e de Lorris,&nbsp;<strong>Maguy Ringued\u00e9,<\/strong>&nbsp;agent du patrimoine du mus\u00e9e,&nbsp;<strong>Bernard Chalopin,&nbsp;<\/strong>ancien Maquisard,&nbsp;<strong>Annick Cassignol<\/strong><strong>,&nbsp;<\/strong>pour l&rsquo;AFAAM, et&nbsp;<strong>Caroline<\/strong> <strong>Samyn<\/strong> pour l&rsquo;ONF,<b>&nbsp;<\/b>\u00e9mission consacr\u00e9e \u00e0&nbsp;l&rsquo;application multim\u00e9dia sur les massacres du Carrefour d&rsquo;Orl\u00e9ans. Il vous suffit de suivre&nbsp;<a href=\"http:\/\/www.megafm.fr\/site2012\/index.php\/emissions\/circulez-y-a-tout-a-voir2\/1388-circulez-2-aout\" target=\"_blank\" rel=\"noopener noreferrer\">ce lien<\/a>.<\/p>\n\n\n\n<p>&#8211; voici \u00e9galement le petit reportage de France 3 Centre sur <a href=\"http:\/\/www.youtube.com\/watch?v=Iht-H8OdsQs&amp;feature=youtu.be\" target=\"_blank\" rel=\"noopener noreferrer\">ce lien-ci<\/a><\/p>\n\n\n\n<p>&#8211; et l&rsquo;intervention radio de&nbsp;<strong>Caroline Samyn<\/strong>, de l&rsquo;ONF, sur France Bleu Orl\u00e9ans le 27 juillet dernier pour \u00eatre tout \u00e0 fait complet !<\/p>\n\n\n\n<figure class=\"wp-block-audio\"><audio controls><\/audio><\/figure>\n","protected":false},"excerpt":{"rendered":"<p>Profitons de ces derniers jours d&rsquo;ao\u00fbt pour saluer&nbsp;le succ\u00e8s cet \u00e9t\u00e9 des activit\u00e9s mises en place par l&rsquo;AFAAM&nbsp;et&nbsp;le&nbsp;Mus\u00e9e de la R\u00e9sistance et de la d\u00e9portation de Lorris&nbsp;:&nbsp;les balades en v\u00e9hicules militaires am\u00e9ricains du Ruquet Memory Club du Loiret, comme les lectures th\u00e9\u00e2tralis\u00e9es de l&rsquo;ouvrage&nbsp;Les sangliers sortent du bois, ont trouv\u00e9 leur public au coeur de &hellip; <\/p>\n<p><a class=\"more-link btn\" href=\"https:\/\/maquisdelorris.fr\/resistance\/?p=2686\">Lire la suite<\/a><\/p>\n","protected":false},"author":5,"featured_media":0,"comment_status":"closed","ping_status":"open","sticky":false,"template":"","format":"standard","meta":{"footnotes":""},"categories":[],"tags":[],"class_list":["post-2686","post","type-post","status-publish","format-standard","hentry","item-wrap"],"aioseo_notices":[],"views":927,"_links":{"self":[{"href":"https:\/\/maquisdelorris.fr\/resistance\/index.php?rest_route=\/wp\/v2\/posts\/2686","targetHints":{"allow":["GET"]}}],"collection":[{"href":"https:\/\/maquisdelorris.fr\/resistance\/index.php?rest_route=\/wp\/v2\/posts"}],"about":[{"href":"https:\/\/maquisdelorris.fr\/resistance\/index.php?rest_route=\/wp\/v2\/types\/post"}],"author":[{"embeddable":true,"href":"https:\/\/maquisdelorris.fr\/resistance\/index.php?rest_route=\/wp\/v2\/users\/5"}],"replies":[{"embeddable":true,"href":"https:\/\/maquisdelorris.fr\/resistance\/index.php?rest_route=%2Fwp%2Fv2%2Fcomments&post=2686"}],"version-history":[{"count":0,"href":"https:\/\/maquisdelorris.fr\/resistance\/index.php?rest_route=\/wp\/v2\/posts\/2686\/revisions"}],"wp:attachment":[{"href":"https:\/\/maquisdelorris.fr\/resistance\/index.php?rest_route=%2Fwp%2Fv2%2Fmedia&parent=2686"}],"wp:term":[{"taxonomy":"category","embeddable":true,"href":"https:\/\/maquisdelorris.fr\/resistance\/index.php?rest_route=%2Fwp%2Fv2%2Fcategories&post=2686"},{"taxonomy":"post_tag","embeddable":true,"href":"https:\/\/maquisdelorris.fr\/resistance\/index.php?rest_route=%2Fwp%2Fv2%2Ftags&post=2686"}],"curies":[{"name":"wp","href":"https:\/\/api.w.org\/{rel}","templated":true}]}}