{"id":3339,"date":"2015-04-04T09:31:26","date_gmt":"2015-04-04T09:31:26","guid":{"rendered":"http:\/\/maquisdelorris.fr\/resistance\/?p=3339"},"modified":"2019-08-09T10:39:19","modified_gmt":"2019-08-09T10:39:19","slug":"lesprit-de-resistance-entre-au-pantheon-le-27-mai-prochain","status":"publish","type":"post","link":"https:\/\/maquisdelorris.fr\/resistance\/?p=3339","title":{"rendered":"L&rsquo;esprit de r\u00e9sistance entre au Panth\u00e9on le 27 mai prochain"},"content":{"rendered":"\n<p>L\u2019annonce au Mont-Val\u00e9rien le 21 f\u00e9vrier 2014&nbsp;par le chef de l\u2019Etat du transfert des cendres au Panth\u00e9on de <strong>Germaine Tillion, Genevi\u00e8ve de Gaulle-Anthonioz, Jean Zay et Pierre Brossolette<\/strong>, tous quatre figures illustres de la R\u00e9sistance, est l\u2019occasion pour les \u00e9l\u00e8ves du Club R\u00e9sistance 2014-2015 du coll\u00e8ge&nbsp;Genevi\u00e8ve de Gaulle-Anthonioz des Bordes de s&rsquo;associer \u00e0 leur mani\u00e8re \u00e0 cette grande comm\u00e9moration nationale pr\u00e9vue le 27 mai prochain. Une bien belle mani\u00e8re de passer le cap des 100 articles parus sur notre site !<span style=\"color: #ffffff;\">&#8212;<\/span><\/p>\n\n\n\n<div class=\"wp-block-image\"><figure class=\"aligncenter is-resized\"><a href=\"https:\/\/maquisdelorris.fr\/resistance\/wp-content\/uploads\/2015\/04\/G.de-Gaulle-Anthonioz.png\"><img loading=\"lazy\" decoding=\"async\" src=\"https:\/\/maquisdelorris.fr\/resistance\/wp-content\/uploads\/2015\/04\/G.de-Gaulle-Anthonioz-1024x512.png\" alt=\"G.de Gaulle-Anthonioz\" class=\"wp-image-3342\" width=\"600\" height=\"301\" srcset=\"https:\/\/maquisdelorris.fr\/resistance\/wp-content\/uploads\/2015\/04\/G.de-Gaulle-Anthonioz.png 1024w, https:\/\/maquisdelorris.fr\/resistance\/wp-content\/uploads\/2015\/04\/G.de-Gaulle-Anthonioz-300x150.png 300w\" sizes=\"auto, (max-width: 600px) 100vw, 600px\" \/><\/a><\/figure><\/div>\n\n\n\n<div class=\"wp-block-image\"><figure class=\"aligncenter is-resized\"><a href=\"https:\/\/maquisdelorris.fr\/resistance\/wp-content\/uploads\/2015\/04\/G.Tillion.png\"><img loading=\"lazy\" decoding=\"async\" src=\"https:\/\/maquisdelorris.fr\/resistance\/wp-content\/uploads\/2015\/04\/G.Tillion-1024x512.png\" alt=\"G.Tillion\" class=\"wp-image-3343\" width=\"600\" height=\"304\"\/><\/a><\/figure><\/div>\n\n\n\n<div class=\"wp-block-image\"><figure class=\"aligncenter is-resized\"><a href=\"https:\/\/maquisdelorris.fr\/resistance\/wp-content\/uploads\/2015\/04\/J.Zay_.png\"><img loading=\"lazy\" decoding=\"async\" src=\"https:\/\/maquisdelorris.fr\/resistance\/wp-content\/uploads\/2015\/04\/J.Zay_-1024x512.png\" alt=\"J.Zay\" class=\"wp-image-3345\" width=\"600\" height=\"310\"\/><\/a><\/figure><\/div>\n\n\n\n<div class=\"wp-block-image\"><figure class=\"aligncenter is-resized\"><a href=\"https:\/\/maquisdelorris.fr\/resistance\/wp-content\/uploads\/2015\/04\/P.Brossolette.jpg\"><img loading=\"lazy\" decoding=\"async\" src=\"https:\/\/maquisdelorris.fr\/resistance\/wp-content\/uploads\/2015\/04\/P.Brossolette-1024x518.jpg\" alt=\"P.Brossolette\" class=\"wp-image-3347\" width=\"600\" height=\"300\"\/><\/a><\/figure><\/div>\n\n\n\n<h3 class=\"wp-block-heading\"><strong>Genevi\u00e8ve de Gaulle-Anthonioz &nbsp;au Panth\u00e9on<\/strong><\/h3>\n\n\n\n<div class=\"wp-block-image\"><figure class=\"alignright is-resized\"><a href=\"https:\/\/maquisdelorris.fr\/resistance\/wp-content\/uploads\/2015\/04\/Pantheon_of_Paris_007.jpg\"><img loading=\"lazy\" decoding=\"async\" src=\"https:\/\/maquisdelorris.fr\/resistance\/wp-content\/uploads\/2015\/04\/Pantheon_of_Paris_007-1024x769.jpg\" alt=\"(Source : en.wikipedia.org)\" class=\"wp-image-3358\" width=\"370\" height=\"277\" srcset=\"https:\/\/maquisdelorris.fr\/resistance\/wp-content\/uploads\/2015\/04\/Pantheon_of_Paris_007-1024x769.jpg 1024w, https:\/\/maquisdelorris.fr\/resistance\/wp-content\/uploads\/2015\/04\/Pantheon_of_Paris_007-300x225.jpg 300w\" sizes=\"auto, (max-width: 370px) 100vw, 370px\" \/><\/a><figcaption>(Source : en.wikipedia.org)<\/figcaption><\/figure><\/div>\n\n\n\n<p>Temple r\u00e9publicain sur le fronton duquel figure la devise : \u00ab&nbsp;Aux grands Hommes la patrie reconnaissante&nbsp;\u00bb, <a href=\"http:\/\/pantheon.monuments-nationaux.fr\/\" target=\"_blank\" rel=\"noopener noreferrer\">le Panth\u00e9on<\/a>&nbsp;va donc accueillir d\u2019ici peu&nbsp;\u00ab&nbsp;deux femmes et (\u2026) deux hommes qui ont incarn\u00e9 les valeurs de la France quand elle \u00e9tait \u00e0 terre&nbsp;\u00bb, a expliqu\u00e9 le chef de l\u2019Etat, lors d\u2019un hommage aux h\u00e9ros de la R\u00e9sistance, 70 ans jour pour jour apr\u00e8s que 22 membres du Groupe Manouchian furent fusill\u00e9s par les nazis au Mont Val\u00e9rien.<\/p>\n\n\n\n<p>\u00ab&nbsp;J\u2019ai voulu que ce soit l\u2019esprit de R\u00e9sistance qui puisse \u00eatre salu\u00e9&nbsp;\u00bb par le choix de ces quatre personnalit\u00e9s qui seront \u00ab&nbsp;autant d\u2019exemples pour la Nation&nbsp;\u00bb, a \u00e9galement soulign\u00e9 Fran\u00e7ois Hollande.<\/p>\n\n\n\n<p>Fran\u00e7ois Hollande a choisi deux femmes aussi \u00ab&nbsp;pour rappeler la contribution de toutes celles, anonymes le plus souvent, qui ont fait partie de l\u2019arm\u00e9e des ombres&nbsp;\u00bb. Rappelons que le Panth\u00e9on n\u2019accueille pour l\u2019heure que&nbsp;deux femmes sur 71 personnalit\u00e9s, la physicienne Marie Curie et Sophie Berthelot (\u2026 qui n\u2019y figure qu\u2019en qualit\u00e9 d\u2019\u00e9pouse du chimiste Marcellin Berthelot&nbsp;!).<\/p>\n\n\n\n<p>Le transfert au Panth\u00e9on aura donc lieu le 27 mai 2015, lors de la journ\u00e9e nationale de la R\u00e9sistance.<\/p>\n\n\n\n<div class=\"wp-block-image\"><figure class=\"aligncenter is-resized\"><a href=\"https:\/\/maquisdelorris.fr\/resistance\/wp-content\/uploads\/2015\/04\/graphique-sur-les-quatre-nouvelles-personnalites-qui-entrent_872631.jpg\"><img loading=\"lazy\" decoding=\"async\" src=\"https:\/\/maquisdelorris.fr\/resistance\/wp-content\/uploads\/2015\/04\/graphique-sur-les-quatre-nouvelles-personnalites-qui-entrent_872631.jpg\" alt=\"graphique-sur-les-quatre-nouvelles-personnalites-qui-entrent_872631\" class=\"wp-image-3344\" width=\"613\" height=\"437\" srcset=\"https:\/\/maquisdelorris.fr\/resistance\/wp-content\/uploads\/2015\/04\/graphique-sur-les-quatre-nouvelles-personnalites-qui-entrent_872631.jpg 768w, https:\/\/maquisdelorris.fr\/resistance\/wp-content\/uploads\/2015\/04\/graphique-sur-les-quatre-nouvelles-personnalites-qui-entrent_872631-300x214.jpg 300w\" sizes=\"auto, (max-width: 613px) 100vw, 613px\" \/><\/a><figcaption>(Source : AFP)<\/figcaption><\/figure><\/div>\n\n\n\n<h3 class=\"wp-block-heading\"><strong>Les actions du coll\u00e8ge des Bordes men\u00e9es \u00e0 l\u2019occasion de l\u2019entr\u00e9e au Panth\u00e9on de Genevi\u00e8ve de Gaulle-Anthonioz<\/strong><\/h3>\n\n\n\n<p>Les \u00e9l\u00e8ves du Club R\u00e9sistance 2014-2015 du coll\u00e8ge&nbsp;Genevi\u00e8ve de Gaulle-Anthonioz des Bordes ont travaill\u00e9 toute l&rsquo;ann\u00e9e pour pr\u00e9parer cet \u00e9v\u00e9nement :<\/p>\n\n\n\n<ul class=\"wp-block-list\"><li>leur&nbsp;travail de recherche a permis&nbsp;de compl\u00e9ter&nbsp;sur notre site la page consacr\u00e9e \u00e0 <a href=\"https:\/\/maquisdelorris.fr\/resistance\/?page_id=2261\"><strong>Genevi\u00e8ve de Gaulle-Anthonioz<\/strong><\/a>, page \u00e0 laquelle viendront s&rsquo;ajouter le 27 mai prochain d&rsquo;autres petites fiches biographiques consacr\u00e9es \u00e0 Germaine Tillion, Jean Zay et Pierre Brossolette<\/li><li>&nbsp;un visuel (grand format) sur le mur ext\u00e9rieur du coll\u00e8ge rappellera bient\u00f4t \u00e0 tous l\u2019information <strong><em>\u00ab Le 27 mai 2015 Genevi\u00e8ve de Gaulle-Anthonioz entre au Panth\u00e9on \u00bb<\/em><\/strong><\/li><li>un atelier cr\u00e9ation artistique est en train d&rsquo;aboutir&nbsp;\u00e0 la r\u00e9daction d\u2019une <strong>chanson<\/strong> consacr\u00e9e \u00e0 Genevi\u00e8ve de Gaulle-Anthonioz, gr\u00e2ce \u00e0 l&rsquo;aide de l&rsquo;artiste <a href=\"http:\/\/www.syrano.net\/\" target=\"_blank\" rel=\"noopener noreferrer\"><strong><em>Syrano<\/em><\/strong><\/a>, et sous la direction de M.Berthet, professeur d&rsquo;\u00e9ducation musicale, et M.Momboisse en histoire. La chanson sera pr\u00e9sent\u00e9e fin avril au concours&nbsp;<a href=\"http:\/\/eduscol.education.fr\/cid86440\/concours-de-videos-pantheon-2015.html\" target=\"_blank\" rel=\"noopener noreferrer\"><strong><em>\u00ab&nbsp;Panth\u00e9on 2015&nbsp;\u00bb<\/em><\/strong><\/a>, organis\u00e9 par le minist\u00e8re de l&rsquo;Education nationale et le r\u00e9seau Canop\u00e9, en collaboration avec le Centre des Monuments Nationaux, un concours national \u00e0 destination des \u00e9tablissements scolaires portant le nom de l&rsquo;une de ces quatre personnalit\u00e9s concern\u00e9es<strong><em><br>\n<\/em><\/strong><\/li><li>La veille des c\u00e9r\u00e9monies au Panth\u00e9on sera mise en place dans le hall du coll\u00e8ge une <strong>exposition<\/strong> de panneaux consacr\u00e9s \u00e0 Genevi\u00e8ve de Gaulle-Anthonioz, Germaine Tillion, Jean Zay et Pierre Brossolette, ainsi qu&rsquo;au Panth\u00e9on (son histoire, son architecture, et sa fonction). Dessins des \u00e9l\u00e8ves et fiches biographiques sont ainsi en cours de r\u00e9alisation au club chaque semaine<\/li><li><strong>L&rsquo;inauguration d&rsquo;une plaque<\/strong> sp\u00e9cifique est \u00e9galement pr\u00e9vue, plaque qui sera appos\u00e9e dans le hall du coll\u00e8ge, o\u00f9 figurent d\u00e9j\u00e0 les panneaux r\u00e9alis\u00e9s par les \u00e9l\u00e8ves \u00e0 l\u2019occasion de l\u2019inauguration du coll\u00e8ge au nom de Genevi\u00e8ve de Gaulle-Anthonioz en 2008. Les \u00e9l\u00e8ves du Club pr\u00e9senteront les quatre r\u00e9sistants transf\u00e9r\u00e9s au Panth\u00e9on aux&nbsp;autres \u00e9l\u00e8ves du coll\u00e8ge<\/li><li>Une<strong> projection<\/strong> d\u2019extraits des deux DVD-Video r\u00e9alis\u00e9s par les \u00e9l\u00e8ves du Club r\u00e9sistance 2007-2008,&nbsp;<strong><em>Carnets de route&nbsp;: \u00e0 la d\u00e9couverte de l\u2019Allemagne <\/em><\/strong>centr\u00e9 sur le camp de Ravensbr\u00fcck visit\u00e9 en 2008 par les \u00e9l\u00e8ves, et <strong><em>Genevi\u00e8ve de Gaulle-Anthonioz, une femme engag\u00e9e<\/em><\/strong>, viendra compl\u00e9ter cette pr\u00e9sentation<\/li><li><strong>Les \u00e9l\u00e8ves de la chorale <\/strong>chanteront \u00e9galement devant tous les \u00e9l\u00e8ves du coll\u00e8ge la chanson \u00e9crite avec<strong> <a href=\"http:\/\/www.syrano.net\/\" target=\"_blank\" rel=\"noopener noreferrer\"><strong><em>Syrano<\/em><\/strong><\/a><br>\n<\/strong><\/li><li><strong>Un voyage \u00e0 Paris <\/strong>avec le Club r\u00e9sistance permettra enfin aux \u00e9l\u00e8ves de d\u00e9couvrir le <strong>Panth\u00e9on <\/strong>et le<strong> S\u00e9nat<\/strong><\/li><li style=\"text-align: justify;\">A partir de la rentr\u00e9e 2015-2016, un portrait et une courte biographie de Genevi\u00e8ve de Gaulle-Anthonioz r\u00e9alis\u00e9e par les \u00e9l\u00e8ves du Club trouveront leur place dans le <strong>carnet de correspondance<\/strong> de tous les \u00e9l\u00e8ves<\/li><\/ul>\n","protected":false},"excerpt":{"rendered":"<p>L\u2019annonce au Mont-Val\u00e9rien le 21 f\u00e9vrier 2014&nbsp;par le chef de l\u2019Etat du transfert des cendres au Panth\u00e9on de Germaine Tillion, Genevi\u00e8ve de Gaulle-Anthonioz, Jean Zay et Pierre Brossolette, tous quatre figures illustres de la R\u00e9sistance, est l\u2019occasion pour les \u00e9l\u00e8ves du Club R\u00e9sistance 2014-2015 du coll\u00e8ge&nbsp;Genevi\u00e8ve de Gaulle-Anthonioz des Bordes de s&rsquo;associer \u00e0 leur mani\u00e8re &hellip; <\/p>\n<p><a class=\"more-link btn\" href=\"https:\/\/maquisdelorris.fr\/resistance\/?p=3339\">Lire la suite<\/a><\/p>\n","protected":false},"author":5,"featured_media":3358,"comment_status":"closed","ping_status":"open","sticky":false,"template":"","format":"standard","meta":{"footnotes":""},"categories":[],"tags":[],"class_list":["post-3339","post","type-post","status-publish","format-standard","has-post-thumbnail","hentry","item-wrap"],"aioseo_notices":[],"views":795,"_links":{"self":[{"href":"https:\/\/maquisdelorris.fr\/resistance\/index.php?rest_route=\/wp\/v2\/posts\/3339","targetHints":{"allow":["GET"]}}],"collection":[{"href":"https:\/\/maquisdelorris.fr\/resistance\/index.php?rest_route=\/wp\/v2\/posts"}],"about":[{"href":"https:\/\/maquisdelorris.fr\/resistance\/index.php?rest_route=\/wp\/v2\/types\/post"}],"author":[{"embeddable":true,"href":"https:\/\/maquisdelorris.fr\/resistance\/index.php?rest_route=\/wp\/v2\/users\/5"}],"replies":[{"embeddable":true,"href":"https:\/\/maquisdelorris.fr\/resistance\/index.php?rest_route=%2Fwp%2Fv2%2Fcomments&post=3339"}],"version-history":[{"count":0,"href":"https:\/\/maquisdelorris.fr\/resistance\/index.php?rest_route=\/wp\/v2\/posts\/3339\/revisions"}],"wp:featuredmedia":[{"embeddable":true,"href":"https:\/\/maquisdelorris.fr\/resistance\/index.php?rest_route=\/wp\/v2\/media\/3358"}],"wp:attachment":[{"href":"https:\/\/maquisdelorris.fr\/resistance\/index.php?rest_route=%2Fwp%2Fv2%2Fmedia&parent=3339"}],"wp:term":[{"taxonomy":"category","embeddable":true,"href":"https:\/\/maquisdelorris.fr\/resistance\/index.php?rest_route=%2Fwp%2Fv2%2Fcategories&post=3339"},{"taxonomy":"post_tag","embeddable":true,"href":"https:\/\/maquisdelorris.fr\/resistance\/index.php?rest_route=%2Fwp%2Fv2%2Ftags&post=3339"}],"curies":[{"name":"wp","href":"https:\/\/api.w.org\/{rel}","templated":true}]}}