{"id":3420,"date":"2015-04-12T17:20:14","date_gmt":"2015-04-12T17:20:14","guid":{"rendered":"http:\/\/maquisdelorris.fr\/resistance\/?p=3420"},"modified":"2019-08-09T10:39:18","modified_gmt":"2019-08-09T10:39:18","slug":"ceremonie-particuliere-au-musee-de-lorris-pour-la-journee-nationale-du-souvenir-des-victimes-et-heros-de-la-deportation-le-26-avril","status":"publish","type":"post","link":"https:\/\/maquisdelorris.fr\/resistance\/?p=3420","title":{"rendered":"C\u00e9r\u00e9monie particuli\u00e8re au Mus\u00e9e de Lorris pour la Journ\u00e9e nationale du Souvenir des victimes et h\u00e9ros de la D\u00e9portation le 26 avril"},"content":{"rendered":"\n<p>A l&rsquo;occasion dimanche prochain de la<strong>&nbsp;Journ\u00e9e nationale du Souvenir des victimes et h\u00e9ros de la D\u00e9portation<\/strong>, le<strong>&nbsp;<\/strong><strong><a href=\"https:\/\/maquisdelorris.fr\/resistance\/?page_id=490\" target=\"_blank\" rel=\"noopener noreferrer\">Mus\u00e9e d\u00e9partemental de la R\u00e9sistance et de la D\u00e9portation de Lorris<\/a>&nbsp;<\/strong>organise un hommage aux r\u00e9sistants du Loiret victimes de la d\u00e9portation. Voici tous les d\u00e9tails :<\/p>\n\n\n\n<p>Le dernier dimanche d&rsquo;avril est, chaque ann\u00e9e depuis 1953, d\u00e9di\u00e9 \u00e0 la m\u00e9moire des victimes de la d\u00e9portation dans les camps de concentration et d&rsquo;extermination nazis lors la Seconde Guerre mondiale.<\/p>\n\n\n\n<p>Afin de rendre hommage aux r\u00e9sistants victimes de la barbarie nazie en d\u00e9portation et dans le but de poursuivre le travail de M\u00e9moire, <strong><span style=\"text-decoration: underline;\">une c\u00e9r\u00e9monie se tiendra \u00e0 11h au M\u00e9morial du mus\u00e9e<\/span><\/strong>.<\/p>\n\n\n\n<p>Un d\u00e9p\u00f4t de gerbe par les autorit\u00e9s locales et en pr\u00e9sence de rescap\u00e9s des camps sera suivi par l\u2019inauguration de plaques m\u00e9morielles. Encourag\u00e9es par le d\u00e9partement, des familles de r\u00e9sistants d\u00e9port\u00e9s du Loiret ont financ\u00e9 les premi\u00e8res plaques en hommage \u00e0&nbsp;:<\/p>\n\n\n\n<ul class=\"wp-block-list\"><li><strong>Andr\u00e9 Meert,<\/strong> r\u00e9sistant de la Chapelle sur Aveyron d\u00e9port\u00e9 \u00e0 Buchenwald, mort en d\u00e9portation<figure><img loading=\"lazy\" decoding=\"async\" class=\"  wp-image-3421 aligncenter\" src=\"https:\/\/maquisdelorris.fr\/resistance\/wp-content\/uploads\/2015\/04\/Andr\u00e9-MEERT-Fils-de-Fran\u00e7ois.jpg\" alt=\"Andr\u00e9 MEERT Fils de Fran\u00e7ois\" width=\"156\" height=\"211\" srcset=\"https:\/\/maquisdelorris.fr\/resistance\/wp-content\/uploads\/2015\/04\/Andr\u00e9-MEERT-Fils-de-Fran\u00e7ois.jpg 757w, https:\/\/maquisdelorris.fr\/resistance\/wp-content\/uploads\/2015\/04\/Andr\u00e9-MEERT-Fils-de-Fran\u00e7ois-223x300.jpg 223w, https:\/\/maquisdelorris.fr\/resistance\/wp-content\/uploads\/2015\/04\/Andr\u00e9-MEERT-Fils-de-Fran\u00e7ois-300x404.jpg 300w\" sizes=\"auto, (max-width: 156px) 100vw, 156px\" \/><\/figure><\/li><li><strong>Roger Malpeyre<\/strong>, r\u00e9sistant d\u00e9port\u00e9 dans les ge\u00f4les italiennes, \u00e9vad\u00e9 et engag\u00e9 dans la R\u00e9sistance italienne, revenu en France en juin 1945<figure><img loading=\"lazy\" decoding=\"async\" class=\"  wp-image-3426 aligncenter\" src=\"https:\/\/maquisdelorris.fr\/resistance\/wp-content\/uploads\/2015\/04\/Roger-Malpeyre.jpg\" alt=\"Roger Malpeyre\" width=\"160\" height=\"203\" srcset=\"https:\/\/maquisdelorris.fr\/resistance\/wp-content\/uploads\/2015\/04\/Roger-Malpeyre.jpg 538w, https:\/\/maquisdelorris.fr\/resistance\/wp-content\/uploads\/2015\/04\/Roger-Malpeyre-236x300.jpg 236w, https:\/\/maquisdelorris.fr\/resistance\/wp-content\/uploads\/2015\/04\/Roger-Malpeyre-300x381.jpg 300w\" sizes=\"auto, (max-width: 160px) 100vw, 160px\" \/><\/figure><\/li><li><strong>Henri Ledroit<\/strong> des Bordes, r\u00e9sistant-d\u00e9port\u00e9 \u00e0 Mauthausen, revenu des camps et t\u00e9moin infatigable aupr\u00e8s des jeunes g\u00e9n\u00e9rations jusqu\u2019\u00e0 son d\u00e9c\u00e8s en mai 2013<figure><img loading=\"lazy\" decoding=\"async\" class=\"  wp-image-3438 aligncenter\" src=\"https:\/\/maquisdelorris.fr\/resistance\/wp-content\/uploads\/2015\/04\/henri-ledroit-1946.jpg\" alt=\"henri ledroit 1946\" width=\"144\" height=\"204\" srcset=\"https:\/\/maquisdelorris.fr\/resistance\/wp-content\/uploads\/2015\/04\/henri-ledroit-1946.jpg 408w, https:\/\/maquisdelorris.fr\/resistance\/wp-content\/uploads\/2015\/04\/henri-ledroit-1946-212x300.jpg 212w, https:\/\/maquisdelorris.fr\/resistance\/wp-content\/uploads\/2015\/04\/henri-ledroit-1946-300x425.jpg 300w\" sizes=\"auto, (max-width: 144px) 100vw, 144px\" \/><\/figure><\/li><\/ul>\n\n\n\n<p>Cette c\u00e9r\u00e9monie sera ponctu\u00e9e de <em>\u00ab&nbsp;La Marseillaise&nbsp;\u00bb<\/em>, du <em>\u00ab&nbsp;Chant des Partisans&nbsp;\u00bb<\/em> et du <em>\u00ab&nbsp;Chant des Marais&nbsp;\u00bb<\/em>, interpr\u00e9t\u00e9s par <strong><em>La ballade oratorienne<\/em><\/strong>, chorale d\u2019Ouzouer sur Loire.<\/p>\n\n\n\n<p><strong><span style=\"text-decoration: underline;\">Conf\u00e9rence \u00e0 15h<\/span><\/strong>&nbsp;sur la vie <strong>d\u2019Andr\u00e9 Meert<\/strong>, par sa fille Marie-Jos\u00e9 Vallot et par Liliane Brulez, auteur d\u2019ouvrages historiques.<\/p>\n\n\n\n<p>Tandis que Madame Vallot (n\u00e9e Meert) pr\u00e9sentera la vie de sa famille venue de Belgique \u00e0 la fin des ann\u00e9es 1920, Madame Brulez se penchera sur l\u2019histoire locale pendant la Seconde Guerre mondiale et plus particuli\u00e8rement sur les actions des r\u00e9sistants dans les villages de Solterre, La Chapelle sur Aveyron et Nogent sur Vernisson. Cet expos\u00e9 \u00e0 deux voix permettra de dresser un portrait pr\u00e9cis du parcours de r\u00e9sistant d\u00e9port\u00e9 d\u2019Andr\u00e9 Meert et du contexte historique.<\/p>\n\n\n\n<p>Notez qu&rsquo;une page consacr\u00e9e aux \u00e9v\u00e9nements de Solterre sera ajout\u00e9e le 26 avril prochain sur le site pour compl\u00e9ter notre panorama des activit\u00e9s du maquis de Lorris.<\/p>\n\n\n\n<p>Notez aussi les rendez-vous d&rsquo;avril du mus\u00e9e :<\/p>\n\n\n\n<p>&#8211; <strong><span style=\"text-decoration: underline;\">Les 19, 25 et 26 avril de 10h \u00e0 12h et de 14h \u00e0 17h&nbsp;:<\/span><\/strong><\/p>\n\n\n\n<p>Visiter les collections permanentes du mus\u00e9e librement ou accompagn\u00e9 d\u2019une guide \u00e0 15h.<\/p>\n\n\n\n<p>Des livrets de d\u00e9couverte du mus\u00e9e sont distribu\u00e9s \u00e0 l\u2019accueil pour les enfants de 8 \u00e0 12 ans.<\/p>\n\n\n\n<p><span style=\"text-decoration: underline;\">&#8211; <strong>Les 22 et 29 avril de 14h \u00e0 17h :<\/strong><\/span><\/p>\n\n\n\n<p><strong><em>L\u2019atelier du faussaire<\/em><\/strong><strong>&nbsp;<\/strong>\u00e0 14h30: apr\u00e8s une visite guid\u00e9e du mus\u00e9e sur le th\u00e8me de la R\u00e9sistance, les jeunes visiteurs con\u00e7oivent leur propre fausse carte d\u2019identit\u00e9 et se glissent ainsi dans la peau de r\u00e9sistants clandestins. Plumes et encre sont fournis par le mus\u00e9e.<\/p>\n\n\n\n<p>Sur r\u00e9servation. Dur\u00e9e&nbsp;: 2h<\/p>\n\n\n\n<div class=\"wp-block-image\"><figure class=\"aligncenter\"><a href=\"https:\/\/maquisdelorris.fr\/resistance\/wp-content\/uploads\/2015\/04\/mus\u00e9e-renseignements.jpg\"><img loading=\"lazy\" decoding=\"async\" width=\"865\" height=\"299\" src=\"https:\/\/maquisdelorris.fr\/resistance\/wp-content\/uploads\/2015\/04\/mus\u00e9e-renseignements.jpg\" alt=\"mus\u00e9e renseignements\" class=\"wp-image-3440\" srcset=\"https:\/\/maquisdelorris.fr\/resistance\/wp-content\/uploads\/2015\/04\/mus\u00e9e-renseignements.jpg 865w, https:\/\/maquisdelorris.fr\/resistance\/wp-content\/uploads\/2015\/04\/mus\u00e9e-renseignements-300x104.jpg 300w\" sizes=\"auto, (max-width: 865px) 100vw, 865px\" \/><\/a><\/figure><\/div>\n","protected":false},"excerpt":{"rendered":"<p>A l&rsquo;occasion dimanche prochain de la&nbsp;Journ\u00e9e nationale du Souvenir des victimes et h\u00e9ros de la D\u00e9portation, le&nbsp;Mus\u00e9e d\u00e9partemental de la R\u00e9sistance et de la D\u00e9portation de Lorris&nbsp;organise un hommage aux r\u00e9sistants du Loiret victimes de la d\u00e9portation. Voici tous les d\u00e9tails : Le dernier dimanche d&rsquo;avril est, chaque ann\u00e9e depuis 1953, d\u00e9di\u00e9 \u00e0 la m\u00e9moire &hellip; <\/p>\n<p><a class=\"more-link btn\" href=\"https:\/\/maquisdelorris.fr\/resistance\/?p=3420\">Lire la suite<\/a><\/p>\n","protected":false},"author":5,"featured_media":0,"comment_status":"closed","ping_status":"open","sticky":false,"template":"","format":"standard","meta":{"footnotes":""},"categories":[],"tags":[],"class_list":["post-3420","post","type-post","status-publish","format-standard","hentry","item-wrap"],"aioseo_notices":[],"views":714,"_links":{"self":[{"href":"https:\/\/maquisdelorris.fr\/resistance\/index.php?rest_route=\/wp\/v2\/posts\/3420","targetHints":{"allow":["GET"]}}],"collection":[{"href":"https:\/\/maquisdelorris.fr\/resistance\/index.php?rest_route=\/wp\/v2\/posts"}],"about":[{"href":"https:\/\/maquisdelorris.fr\/resistance\/index.php?rest_route=\/wp\/v2\/types\/post"}],"author":[{"embeddable":true,"href":"https:\/\/maquisdelorris.fr\/resistance\/index.php?rest_route=\/wp\/v2\/users\/5"}],"replies":[{"embeddable":true,"href":"https:\/\/maquisdelorris.fr\/resistance\/index.php?rest_route=%2Fwp%2Fv2%2Fcomments&post=3420"}],"version-history":[{"count":0,"href":"https:\/\/maquisdelorris.fr\/resistance\/index.php?rest_route=\/wp\/v2\/posts\/3420\/revisions"}],"wp:attachment":[{"href":"https:\/\/maquisdelorris.fr\/resistance\/index.php?rest_route=%2Fwp%2Fv2%2Fmedia&parent=3420"}],"wp:term":[{"taxonomy":"category","embeddable":true,"href":"https:\/\/maquisdelorris.fr\/resistance\/index.php?rest_route=%2Fwp%2Fv2%2Fcategories&post=3420"},{"taxonomy":"post_tag","embeddable":true,"href":"https:\/\/maquisdelorris.fr\/resistance\/index.php?rest_route=%2Fwp%2Fv2%2Ftags&post=3420"}],"curies":[{"name":"wp","href":"https:\/\/api.w.org\/{rel}","templated":true}]}}