{"id":3500,"date":"2015-05-11T07:54:19","date_gmt":"2015-05-11T07:54:19","guid":{"rendered":"http:\/\/maquisdelorris.fr\/resistance\/?p=3500"},"modified":"2019-08-09T10:39:17","modified_gmt":"2019-08-09T10:39:17","slug":"resistants-deportes-du-loiret-des-parcours-qui-ont-marque-des-vies","status":"publish","type":"post","link":"https:\/\/maquisdelorris.fr\/resistance\/?p=3500","title":{"rendered":"R\u00e9sistants d\u00e9port\u00e9s du Loiret, des parcours qui ont marqu\u00e9 des vies"},"content":{"rendered":"\n<p><strong><em>R\u00e9sistants d\u00e9port\u00e9s du Loiret, des parcours qui ont marqu\u00e9 des vies<\/em><\/strong>, c&rsquo;est le th\u00e8me de la nouvelle exposition-hommage que vous propose depuis ce week-end le<strong>&nbsp;<\/strong><strong><a href=\"https:\/\/maquisdelorris.fr\/resistance\/?page_id=490\" target=\"_blank\" rel=\"noopener noreferrer\">Mus\u00e9e d\u00e9partemental de la R\u00e9sistance et de la D\u00e9portation de Lorris<\/a>,&nbsp;<\/strong>un travail formidable men\u00e9 avec la d\u00e9l\u00e9gation du Loiret des <a href=\"http:\/\/www.afmd.asso.fr\/\" target=\"_blank\" rel=\"noopener noreferrer\">Amis de la Fondation pour la M\u00e9moire de la D\u00e9portation<\/a> (AFMD) \u00e0 partir de la liste d\u2019environ 1000 d\u00e9port\u00e9s, n\u00e9s, arr\u00eat\u00e9s, vivants ou d\u00e9c\u00e9d\u00e9s dans le Loiret.<\/p>\n\n\n\n<div class=\"wp-block-image\"><figure class=\"aligncenter is-resized\"><a href=\"https:\/\/maquisdelorris.fr\/resistance\/wp-content\/uploads\/2015\/05\/Flyer-1-mus\u00e9e-expo-2015.jpg\"><img loading=\"lazy\" decoding=\"async\" src=\"https:\/\/maquisdelorris.fr\/resistance\/wp-content\/uploads\/2015\/05\/Flyer-1-mus\u00e9e-expo-2015.jpg\" alt=\"Flyer 1 mus\u00e9e expo 2015\" class=\"wp-image-3513\" width=\"435\" height=\"606\" srcset=\"https:\/\/maquisdelorris.fr\/resistance\/wp-content\/uploads\/2015\/05\/Flyer-1-mus\u00e9e-expo-2015.jpg 660w, https:\/\/maquisdelorris.fr\/resistance\/wp-content\/uploads\/2015\/05\/Flyer-1-mus\u00e9e-expo-2015-215x300.jpg 215w, https:\/\/maquisdelorris.fr\/resistance\/wp-content\/uploads\/2015\/05\/Flyer-1-mus\u00e9e-expo-2015-300x418.jpg 300w\" sizes=\"auto, (max-width: 435px) 100vw, 435px\" \/><\/a><\/figure><\/div>\n\n\n\n<p>Gr\u00e2ce aux archives du mus\u00e9e et \u00e0 l\u2019aide pr\u00e9cieuse des familles, l\u2019exposition offre un regard in\u00e9dit sur le parcours individuel d\u2019hommes et de femmes d\u00e9port\u00e9s par mesure de r\u00e9pression vers les camps nazis.&nbsp;Riche de nombreux documents et d\u2019objets personnels, cette exposition est compl\u00e9t\u00e9e par des fiches de salle et d\u2019une borne informatique permettant de recenser et de comprendre le parcours des&nbsp;triangles rouges du Loiret.<\/p>\n\n\n\n<p>Autour de l\u2019exposition, l&rsquo;\u00e9quipe du mus\u00e9e organise un nouveau cycle de&nbsp;conf\u00e9rences-rencontres avec des rescap\u00e9s des camps, des membres des familles de d\u00e9port\u00e9s et des associations de m\u00e9moire. Ces rencontres auront lieu&nbsp;tout l&rsquo;\u00e9t\u00e9 entre mi-juin et&nbsp;septembre, autour de th\u00e8mes aussi divers que la question des d\u00e9port\u00e9s du Loiret \u00e0 Mauthausen et ses camps annexes, des femmes d\u00e9port\u00e9es \u00e0 Ravensbr\u00fcck, ou encore la d\u00e9couverte de camps comme Hambourg-Neuengamme ou Buchenwald-Dora.<\/p>\n\n\n\n<p>Programme complet tr\u00e8s bient\u00f4t.<\/p>\n\n\n\n<p>Je profite de cet article pour diffuser \u00e9galement l&rsquo;appel \u00e0 t\u00e9moins lanc\u00e9 par le mus\u00e9e qui cherche \u00e0 identifier le plus de personnes possibles sur la photo ci-dessous, un clich\u00e9 pris devant la gare d&rsquo;Orl\u00e9ans le 15 d\u00e9cembre 1945 lors du premier rassemblement de d\u00e9port\u00e9s du Loiret. Tous les renseignements ci-dessous, n&rsquo;h\u00e9sitez pas \u00e0 contacter le mus\u00e9e !<\/p>\n\n\n\n<div class=\"wp-block-image\"><figure class=\"aligncenter is-resized\"><a href=\"https:\/\/maquisdelorris.fr\/resistance\/wp-content\/uploads\/2015\/05\/Flyer-2-mus\u00e9e-expo-2015.jpg\"><img loading=\"lazy\" decoding=\"async\" src=\"https:\/\/maquisdelorris.fr\/resistance\/wp-content\/uploads\/2015\/05\/Flyer-2-mus\u00e9e-expo-2015.jpg\" alt=\"Flyer 2 mus\u00e9e expo 2015\" class=\"wp-image-3503\" width=\"492\" height=\"658\" srcset=\"https:\/\/maquisdelorris.fr\/resistance\/wp-content\/uploads\/2015\/05\/Flyer-2-mus\u00e9e-expo-2015.jpg 665w, https:\/\/maquisdelorris.fr\/resistance\/wp-content\/uploads\/2015\/05\/Flyer-2-mus\u00e9e-expo-2015-224x300.jpg 224w, https:\/\/maquisdelorris.fr\/resistance\/wp-content\/uploads\/2015\/05\/Flyer-2-mus\u00e9e-expo-2015-300x402.jpg 300w\" sizes=\"auto, (max-width: 492px) 100vw, 492px\" \/><\/a><\/figure><\/div>\n\n\n\n<p>Voici pour \u00eatre complet l&rsquo;ensemble des activit\u00e9s propos\u00e9es au mus\u00e9e prochainement, notez particuli\u00e8rement la visite en chansons pr\u00e9vue le 16 mai prochain \u00e0 l&rsquo;occasion de la <a href=\"http:\/\/nuitdesmusees.culturecommunication.gouv.fr\/\" target=\"_blank\" rel=\"noopener noreferrer\">Nuit europ\u00e9enne des mus\u00e9es<\/a>&nbsp;! Vous retrouverez \u00e9galement les d\u00e9sormais classiques et toujours tr\u00e8s appr\u00e9ci\u00e9es visites en v\u00e9hicules d&rsquo;\u00e9poque, ou encore l&rsquo;atelier du faussaire pour les plus jeunes, programme d\u00e9taill\u00e9&nbsp;ci-dessous :<\/p>\n\n\n\n<div class=\"wp-block-image\"><figure class=\"aligncenter is-resized\"><a href=\"https:\/\/maquisdelorris.fr\/resistance\/wp-content\/uploads\/2015\/05\/Flyer-2-mus\u00e9e-2015.jpg\"><img loading=\"lazy\" decoding=\"async\" src=\"https:\/\/maquisdelorris.fr\/resistance\/wp-content\/uploads\/2015\/05\/Flyer-2-mus\u00e9e-2015-1024x1024.jpg\" alt=\"Flyer 2 mus\u00e9e 2015\" class=\"wp-image-3502\" width=\"607\" height=\"607\" srcset=\"https:\/\/maquisdelorris.fr\/resistance\/wp-content\/uploads\/2015\/05\/Flyer-2-mus\u00e9e-2015-1024x1024.jpg 1024w, https:\/\/maquisdelorris.fr\/resistance\/wp-content\/uploads\/2015\/05\/Flyer-2-mus\u00e9e-2015-150x150.jpg 150w, https:\/\/maquisdelorris.fr\/resistance\/wp-content\/uploads\/2015\/05\/Flyer-2-mus\u00e9e-2015-300x300.jpg 300w\" sizes=\"auto, (max-width: 607px) 100vw, 607px\" \/><\/a><\/figure><\/div>\n","protected":false},"excerpt":{"rendered":"<p>R\u00e9sistants d\u00e9port\u00e9s du Loiret, des parcours qui ont marqu\u00e9 des vies, c&rsquo;est le th\u00e8me de la nouvelle exposition-hommage que vous propose depuis ce week-end le&nbsp;Mus\u00e9e d\u00e9partemental de la R\u00e9sistance et de la D\u00e9portation de Lorris,&nbsp;un travail formidable men\u00e9 avec la d\u00e9l\u00e9gation du Loiret des Amis de la Fondation pour la M\u00e9moire de la D\u00e9portation (AFMD) &hellip; <\/p>\n<p><a class=\"more-link btn\" href=\"https:\/\/maquisdelorris.fr\/resistance\/?p=3500\">Lire la suite<\/a><\/p>\n","protected":false},"author":5,"featured_media":0,"comment_status":"closed","ping_status":"open","sticky":false,"template":"","format":"standard","meta":{"footnotes":""},"categories":[],"tags":[],"class_list":["post-3500","post","type-post","status-publish","format-standard","hentry","item-wrap"],"aioseo_notices":[],"views":1197,"_links":{"self":[{"href":"https:\/\/maquisdelorris.fr\/resistance\/index.php?rest_route=\/wp\/v2\/posts\/3500","targetHints":{"allow":["GET"]}}],"collection":[{"href":"https:\/\/maquisdelorris.fr\/resistance\/index.php?rest_route=\/wp\/v2\/posts"}],"about":[{"href":"https:\/\/maquisdelorris.fr\/resistance\/index.php?rest_route=\/wp\/v2\/types\/post"}],"author":[{"embeddable":true,"href":"https:\/\/maquisdelorris.fr\/resistance\/index.php?rest_route=\/wp\/v2\/users\/5"}],"replies":[{"embeddable":true,"href":"https:\/\/maquisdelorris.fr\/resistance\/index.php?rest_route=%2Fwp%2Fv2%2Fcomments&post=3500"}],"version-history":[{"count":0,"href":"https:\/\/maquisdelorris.fr\/resistance\/index.php?rest_route=\/wp\/v2\/posts\/3500\/revisions"}],"wp:attachment":[{"href":"https:\/\/maquisdelorris.fr\/resistance\/index.php?rest_route=%2Fwp%2Fv2%2Fmedia&parent=3500"}],"wp:term":[{"taxonomy":"category","embeddable":true,"href":"https:\/\/maquisdelorris.fr\/resistance\/index.php?rest_route=%2Fwp%2Fv2%2Fcategories&post=3500"},{"taxonomy":"post_tag","embeddable":true,"href":"https:\/\/maquisdelorris.fr\/resistance\/index.php?rest_route=%2Fwp%2Fv2%2Ftags&post=3500"}],"curies":[{"name":"wp","href":"https:\/\/api.w.org\/{rel}","templated":true}]}}