{"id":4020,"date":"2016-03-27T10:46:23","date_gmt":"2016-03-27T10:46:23","guid":{"rendered":"http:\/\/maquisdelorris.fr\/resistance\/?p=4020"},"modified":"2019-08-09T10:39:17","modified_gmt":"2019-08-09T10:39:17","slug":"lutetia-1945-le-retour-des-deportes-au-musee-de-lorris","status":"publish","type":"post","link":"https:\/\/maquisdelorris.fr\/resistance\/?p=4020","title":{"rendered":"Lutetia 1945, le retour des d\u00e9port\u00e9s au mus\u00e9e de Lorris"},"content":{"rendered":"<p style=\"text-align: justify;\"><a href=\"https:\/\/maquisdelorris.fr\/resistance\/?attachment_id=4018\" rel=\"attachment wp-att-4018\"><img loading=\"lazy\" decoding=\"async\" class=\"alignleft wp-image-4018\" src=\"https:\/\/maquisdelorris.fr\/resistance\/wp-content\/uploads\/2016\/03\/AfficheA4-Loiret2016_HD_Web.jpg\" alt=\"AfficheA4-Loiret2016_HD_Web\" width=\"238\" height=\"336\" srcset=\"https:\/\/maquisdelorris.fr\/resistance\/wp-content\/uploads\/2016\/03\/AfficheA4-Loiret2016_HD_Web.jpg 596w, https:\/\/maquisdelorris.fr\/resistance\/wp-content\/uploads\/2016\/03\/AfficheA4-Loiret2016_HD_Web-212x300.jpg 212w, https:\/\/maquisdelorris.fr\/resistance\/wp-content\/uploads\/2016\/03\/AfficheA4-Loiret2016_HD_Web-300x424.jpg 300w\" sizes=\"auto, (max-width: 238px) 100vw, 238px\" \/><\/a>C&rsquo;est en effet le th\u00e8me de la nouvelle exposition \u00e0 venir au\u00a0Mus\u00e9e d\u00e9partemental de la R\u00e9sistance et de la D\u00e9portation de Lorris, une e<span style=\"font-family: Arial; font-size: small;\">xposition estivale puisque c&rsquo;est <span style=\"text-decoration: underline;\">entre le 14 juillet et le\u00a031 ao\u00fbt<\/span> prochain que vous pourrez d\u00e9couvrir\u00a0l\u2019histoire des quatre mois pendant lesquels l\u2019h\u00f4tel parisien a accueilli les rescap\u00e9s de la barbarie nazie.\u00a0<\/span><\/p>\n<p style=\"text-align: justify;\"><span style=\"font-family: Arial; font-size: small;\">Dans la continuit\u00e9 de l\u2019exposition-hommage <em><strong>R\u00e9sistants-d\u00e9port\u00e9s du Loiret <\/strong><\/em>propos\u00e9e en 2015, <strong><em>Lutetia, 1945. Le retour des d\u00e9port\u00e9s<\/em><\/strong>\u00a0est une exposition\u00a0con\u00e7ue en 2015 par la d\u00e9l\u00e9gation de Paris des <strong>Amis de la Fondation pour la M\u00e9moire de la D\u00e9portation (AFMD 75)<\/strong> dans le cadre du 70\u00e8me anniversaire de la lib\u00e9ration des camps nazis.15\u00a0panneaux, 26 t\u00e9moignages vid\u00e9o (Maurice Cling, Serge Klarsfeld, Michel Rocard et d\u2019autres rescap\u00e9s, familles ou b\u00e9n\u00e9voles), de nombreux documents et objets in\u00e9dits vous permettront ainsi d&rsquo;aborder\u00a0l&rsquo;histoire de ces rescap\u00e9s.<\/span> D\u2019avril \u00e0 ao\u00fbt 1945, sur les 166 000 d\u00e9port\u00e9s de France, seuls 48 000 rentrent. Un tiers d\u2019entre eux passe par le Lutetia. R\u00e9sistants-d\u00e9port\u00e9s, R\u00e9publicains espagnols et d\u00e9port\u00e9s juifs se c\u00f4toient dans ce lieu, point de d\u00e9part d\u2019une deuxi\u00e8me vie.<\/p>\n<div style=\"text-align: justify;\"><span style=\"font-family: Arial; font-size: small;\">Toutes les dates d&rsquo;ouvertures, tarifs et autres informations sont \u00e0 retrouver le\u00a0<strong>nouveau site Internet <\/strong>du mus\u00e9e \u00e0 cette adresse :\u00a0<strong><a href=\"http:\/\/www.museelorris.fr\/\">www.museelorris.fr<\/a><\/strong><\/span><\/div>\n<div style=\"text-align: justify;\"><\/div>\n<div style=\"text-align: center;\"><strong><a href=\"https:\/\/maquisdelorris.fr\/resistance\/wp-content\/uploads\/2016\/03\/FlyerA5-Loiret2016_HD.pdf\" target=\"_blank\" rel=\"noopener noreferrer\">T\u00e9l\u00e9chargez le flyer complet !<\/a><\/strong><\/div>\n","protected":false},"excerpt":{"rendered":"<p>C&rsquo;est en effet le th\u00e8me de la nouvelle exposition \u00e0 venir au\u00a0Mus\u00e9e d\u00e9partemental de la R\u00e9sistance et de la D\u00e9portation de Lorris, une exposition estivale puisque c&rsquo;est entre le 14 juillet et le\u00a031 ao\u00fbt prochain que vous pourrez d\u00e9couvrir\u00a0l\u2019histoire des quatre mois pendant lesquels l\u2019h\u00f4tel parisien a accueilli les rescap\u00e9s de la barbarie nazie.\u00a0 Dans &hellip; <\/p>\n<p><a class=\"more-link btn\" href=\"https:\/\/maquisdelorris.fr\/resistance\/?p=4020\">Lire la suite<\/a><\/p>\n","protected":false},"author":5,"featured_media":0,"comment_status":"closed","ping_status":"open","sticky":false,"template":"","format":"standard","meta":{"footnotes":""},"categories":[],"tags":[],"class_list":["post-4020","post","type-post","status-publish","format-standard","hentry","item-wrap"],"aioseo_notices":[],"views":770,"_links":{"self":[{"href":"https:\/\/maquisdelorris.fr\/resistance\/index.php?rest_route=\/wp\/v2\/posts\/4020","targetHints":{"allow":["GET"]}}],"collection":[{"href":"https:\/\/maquisdelorris.fr\/resistance\/index.php?rest_route=\/wp\/v2\/posts"}],"about":[{"href":"https:\/\/maquisdelorris.fr\/resistance\/index.php?rest_route=\/wp\/v2\/types\/post"}],"author":[{"embeddable":true,"href":"https:\/\/maquisdelorris.fr\/resistance\/index.php?rest_route=\/wp\/v2\/users\/5"}],"replies":[{"embeddable":true,"href":"https:\/\/maquisdelorris.fr\/resistance\/index.php?rest_route=%2Fwp%2Fv2%2Fcomments&post=4020"}],"version-history":[{"count":0,"href":"https:\/\/maquisdelorris.fr\/resistance\/index.php?rest_route=\/wp\/v2\/posts\/4020\/revisions"}],"wp:attachment":[{"href":"https:\/\/maquisdelorris.fr\/resistance\/index.php?rest_route=%2Fwp%2Fv2%2Fmedia&parent=4020"}],"wp:term":[{"taxonomy":"category","embeddable":true,"href":"https:\/\/maquisdelorris.fr\/resistance\/index.php?rest_route=%2Fwp%2Fv2%2Fcategories&post=4020"},{"taxonomy":"post_tag","embeddable":true,"href":"https:\/\/maquisdelorris.fr\/resistance\/index.php?rest_route=%2Fwp%2Fv2%2Ftags&post=4020"}],"curies":[{"name":"wp","href":"https:\/\/api.w.org\/{rel}","templated":true}]}}