{"id":4377,"date":"2021-11-07T09:37:00","date_gmt":"2021-11-07T09:37:00","guid":{"rendered":"http:\/\/maquisdelorris.fr\/resistance\/?p=4377"},"modified":"2021-11-07T17:18:54","modified_gmt":"2021-11-07T17:18:54","slug":"le-bilan-2016-2017-de-lafaam-et-les-projets-a-venir","status":"publish","type":"post","link":"https:\/\/maquisdelorris.fr\/resistance\/?p=4377","title":{"rendered":"Le bilan 2019-2021 de l&rsquo;AFAAM et les projets \u00e0 venir !"},"content":{"rendered":"\n<p>C&rsquo;est d&rsquo;ordinaire au&nbsp;mois de mai que se tient le&nbsp;traditionnel rendez-vous annuel des membres de l\u2019<strong><a href=\"https:\/\/maquisdelorris.fr\/resistance\/?page_id=1145\" target=\"_blank\" rel=\"noopener noreferrer\">AFAAM<\/a><\/strong> \u00e0 Lorris est l\u2019occasion de revenir sur l\u2019ensemble des actions men\u00e9es. Apr\u00e8s avoir \u00e9t\u00e9 annul\u00e9e en mai 2020 pour raisons sanitaires, puis repouss\u00e9e en mai 2021 \u00e0 ce week-end, c&rsquo;est donc en ce 7 novembre qu&rsquo;a eu lieu cette nouvelle Assembl\u00e9e g\u00e9n\u00e9rale. Le pr\u00e9sident de l\u2019association Denis Godeau, le pr\u00e9sident d\u2019honneur Bernard Chalopin, Claudine Bo\u00ebnnec, secr\u00e9taire du bureau, et Edith Gessat, tr\u00e9sori\u00e8re, ont ainsi tour \u00e0 tour encha\u00een\u00e9 rapport moral et administratif, rapport financier, et dress\u00e9 le bilan des diff\u00e9rents partenariats et projets. Vous retrouverez donc sur la <a href=\"https:\/\/maquisdelorris.fr\/resistance\/?page_id=3748\" target=\"_blank\" rel=\"noopener noreferrer\"><strong>page d\u00fbment mise \u00e0 jour consacr\u00e9e aux activit\u00e9s de l\u2019AFAAM<\/strong><\/a> le bilan complet de ces actions.<\/p>\n\n\n\n<div class=\"wp-block-image\"><figure class=\"aligncenter size-large is-resized\"><a href=\"https:\/\/maquisdelorris.fr\/resistance\/wp-content\/uploads\/2021\/11\/IMG_20211107_120241-scaled.jpg\" rel=\"attachment wp-att-4437\"><img loading=\"lazy\" decoding=\"async\" src=\"https:\/\/maquisdelorris.fr\/resistance\/wp-content\/uploads\/2021\/11\/IMG_20211107_120241-1024x576.jpg\" alt=\"\" class=\"wp-image-7602\" width=\"666\" height=\"374\" srcset=\"https:\/\/maquisdelorris.fr\/resistance\/wp-content\/uploads\/2021\/11\/IMG_20211107_120241-1024x576.jpg 1024w, https:\/\/maquisdelorris.fr\/resistance\/wp-content\/uploads\/2021\/11\/IMG_20211107_120241-300x169.jpg 300w, https:\/\/maquisdelorris.fr\/resistance\/wp-content\/uploads\/2021\/11\/IMG_20211107_120241-768x432.jpg 768w, https:\/\/maquisdelorris.fr\/resistance\/wp-content\/uploads\/2021\/11\/IMG_20211107_120241-1536x864.jpg 1536w, https:\/\/maquisdelorris.fr\/resistance\/wp-content\/uploads\/2021\/11\/IMG_20211107_120241-2048x1152.jpg 2048w, https:\/\/maquisdelorris.fr\/resistance\/wp-content\/uploads\/2021\/11\/IMG_20211107_120241-640x360.jpg 640w, https:\/\/maquisdelorris.fr\/resistance\/wp-content\/uploads\/2021\/11\/IMG_20211107_120241-969x545.jpg 969w\" sizes=\"auto, (max-width: 666px) 100vw, 666px\" \/><\/a><figcaption>Le bureau de l&rsquo;AFAM au travail, salle du Martroi \u00e0 Lorris (Droits r\u00e9serv\u00e9s, AFAAM, 7 novembre 2021)<\/figcaption><\/figure><\/div>\n\n\n\n<p> Notez \u00e9galement que la <strong>c\u00e9r\u00e9monie d\u2019hommage aux r\u00e9sistants du maquis<\/strong> tu\u00e9s le <a href=\"https:\/\/maquisdelorris.fr\/resistance\/?page_id=105\" target=\"_blank\" rel=\"noreferrer noopener\">14 ao\u00fbt 1944<\/a> lors de l\u2019attaque allemande aura lieu cette ann\u00e9e le <strong>dimanche 14 ao\u00fbt 2022<\/strong>, 78 ans tout rond apr\u00e8s ces tragiques \u00e9v\u00e9nements. Pour ce 78<sup>\u00e8me<\/sup>&nbsp;anniversaire donc, l&rsquo;<a href=\"https:\/\/maquisdelorris.fr\/resistance\/?page_id=1145\" target=\"_blank\" rel=\"noopener noreferrer\">AFAAM<\/a>, le Souvenir Fran\u00e7ais, l&rsquo;Office National des For\u00eats, ainsi que les communes de Dampierre-en-Burly, Les Bordes, Lorris, Montereau, Ouzouer-sur-Loire, Vieilles-Maisons-sur-Joudry et Varennes-Changy, qui organisent l&rsquo;\u00e9v\u00e9nement, vous inviteront \u00e0 participer une c\u00e9r\u00e9monie que l&rsquo;on esp\u00e8re de nouveau ouverte au public apr\u00e8s celles de 2020 et 2021 en comit\u00e9 restreint pour respecter les contraintes sanitaires li\u00e9es \u00e0 la covid. <\/p>\n\n\n\n<div class=\"wp-block-image\"><figure class=\"aligncenter size-large is-resized\"><a href=\"https:\/\/maquisdelorris.fr\/resistance\/wp-content\/uploads\/2021\/11\/IMG_20211107_122216-scaled.jpg\"><img loading=\"lazy\" decoding=\"async\" src=\"https:\/\/maquisdelorris.fr\/resistance\/wp-content\/uploads\/2021\/11\/IMG_20211107_122216-573x1024.jpg\" alt=\"\" class=\"wp-image-7628\" width=\"414\" height=\"739\" srcset=\"https:\/\/maquisdelorris.fr\/resistance\/wp-content\/uploads\/2021\/11\/IMG_20211107_122216-573x1024.jpg 573w, https:\/\/maquisdelorris.fr\/resistance\/wp-content\/uploads\/2021\/11\/IMG_20211107_122216-168x300.jpg 168w, https:\/\/maquisdelorris.fr\/resistance\/wp-content\/uploads\/2021\/11\/IMG_20211107_122216-768x1371.jpg 768w, https:\/\/maquisdelorris.fr\/resistance\/wp-content\/uploads\/2021\/11\/IMG_20211107_122216-860x1536.jpg 860w, https:\/\/maquisdelorris.fr\/resistance\/wp-content\/uploads\/2021\/11\/IMG_20211107_122216-1147x2048.jpg 1147w, https:\/\/maquisdelorris.fr\/resistance\/wp-content\/uploads\/2021\/11\/IMG_20211107_122216-640x1143.jpg 640w, https:\/\/maquisdelorris.fr\/resistance\/wp-content\/uploads\/2021\/11\/IMG_20211107_122216-969x1730.jpg 969w, https:\/\/maquisdelorris.fr\/resistance\/wp-content\/uploads\/2021\/11\/IMG_20211107_122216-scaled.jpg 1434w\" sizes=\"auto, (max-width: 414px) 100vw, 414px\" \/><\/a><figcaption> Nos anciens apr\u00e8s le d\u00e9p\u00f4t de gerbe \u00e0 Lorris, Robert Turpin et Bernard Chalopin (Droits r\u00e9serv\u00e9s, AFAAM, 2021) <\/figcaption><\/figure><\/div>\n","protected":false},"excerpt":{"rendered":"<p>C&rsquo;est d&rsquo;ordinaire au&nbsp;mois de mai que se tient le&nbsp;traditionnel rendez-vous annuel des membres de l\u2019AFAAM \u00e0 Lorris est l\u2019occasion de revenir sur l\u2019ensemble des actions men\u00e9es. Apr\u00e8s avoir \u00e9t\u00e9 annul\u00e9e en mai 2020 pour raisons sanitaires, puis repouss\u00e9e en mai 2021 \u00e0 ce week-end, c&rsquo;est donc en ce 7 novembre qu&rsquo;a eu lieu cette nouvelle &hellip; <\/p>\n<p><a class=\"more-link btn\" href=\"https:\/\/maquisdelorris.fr\/resistance\/?p=4377\">Lire la suite<\/a><\/p>\n","protected":false},"author":5,"featured_media":0,"comment_status":"closed","ping_status":"open","sticky":false,"template":"","format":"standard","meta":{"footnotes":""},"categories":[],"tags":[],"class_list":["post-4377","post","type-post","status-publish","format-standard","hentry","item-wrap"],"aioseo_notices":[],"views":1020,"_links":{"self":[{"href":"https:\/\/maquisdelorris.fr\/resistance\/index.php?rest_route=\/wp\/v2\/posts\/4377","targetHints":{"allow":["GET"]}}],"collection":[{"href":"https:\/\/maquisdelorris.fr\/resistance\/index.php?rest_route=\/wp\/v2\/posts"}],"about":[{"href":"https:\/\/maquisdelorris.fr\/resistance\/index.php?rest_route=\/wp\/v2\/types\/post"}],"author":[{"embeddable":true,"href":"https:\/\/maquisdelorris.fr\/resistance\/index.php?rest_route=\/wp\/v2\/users\/5"}],"replies":[{"embeddable":true,"href":"https:\/\/maquisdelorris.fr\/resistance\/index.php?rest_route=%2Fwp%2Fv2%2Fcomments&post=4377"}],"version-history":[{"count":0,"href":"https:\/\/maquisdelorris.fr\/resistance\/index.php?rest_route=\/wp\/v2\/posts\/4377\/revisions"}],"wp:attachment":[{"href":"https:\/\/maquisdelorris.fr\/resistance\/index.php?rest_route=%2Fwp%2Fv2%2Fmedia&parent=4377"}],"wp:term":[{"taxonomy":"category","embeddable":true,"href":"https:\/\/maquisdelorris.fr\/resistance\/index.php?rest_route=%2Fwp%2Fv2%2Fcategories&post=4377"},{"taxonomy":"post_tag","embeddable":true,"href":"https:\/\/maquisdelorris.fr\/resistance\/index.php?rest_route=%2Fwp%2Fv2%2Ftags&post=4377"}],"curies":[{"name":"wp","href":"https:\/\/api.w.org\/{rel}","templated":true}]}}