{"id":5630,"date":"2024-09-18T12:09:39","date_gmt":"2024-09-18T12:09:39","guid":{"rendered":"http:\/\/maquisdelorris.fr\/resistance\/?p=5630"},"modified":"2024-09-18T12:10:33","modified_gmt":"2024-09-18T12:10:33","slug":"compte-rendu-et-photos-ceremonie-du-12-aout","status":"publish","type":"post","link":"https:\/\/maquisdelorris.fr\/resistance\/?p=5630","title":{"rendered":"Compte-rendu et photos de la c\u00e9r\u00e9monie du 15 septembre"},"content":{"rendered":"\n<p><span style=\"text-align: justify;\"><\/span><\/p>\n\n\n\n<p><span style=\"text-align: justify;\">C&rsquo;est le dimanche 15 septembre que s&rsquo;est tenue \u00e0 l&rsquo;occasion du 80<sup>\u00e8me<\/sup> anniversaire des combats du maquis de Lorris<\/span> <span style=\"text-align: justify;\">notre traditionnelle c\u00e9r\u00e9monie annuelle comm\u00e9morative au Carrefour de la R\u00e9sistance, c\u00e9r\u00e9monie dont vous pourrez retrouver le b<\/span>ilan et compte-rendu habituels sur <a href=\"https:\/\/maquisdelorris.fr\/resistance\/?page_id=4642\">cette page\u00a0<\/a>!<\/p>\n\n\n\n<div class=\"wp-block-columns is-layout-flex wp-container-core-columns-is-layout-9d6595d7 wp-block-columns-is-layout-flex\">\n<div class=\"wp-block-column is-layout-flow wp-block-column-is-layout-flow\" style=\"flex-basis:33.33%\">\n<figure class=\"wp-block-image size-full is-resized\"><a href=\"https:\/\/maquisdelorris.fr\/resistance\/wp-content\/uploads\/2019\/03\/logos-AFAAM-2.jpg\"><img loading=\"lazy\" decoding=\"async\" width=\"353\" height=\"442\" src=\"https:\/\/maquisdelorris.fr\/resistance\/wp-content\/uploads\/2019\/03\/logos-AFAAM-2.jpg\" alt=\"\" class=\"wp-image-5895\" style=\"width:170px;height:213px\" srcset=\"https:\/\/maquisdelorris.fr\/resistance\/wp-content\/uploads\/2019\/03\/logos-AFAAM-2.jpg 353w, https:\/\/maquisdelorris.fr\/resistance\/wp-content\/uploads\/2019\/03\/logos-AFAAM-2-240x300.jpg 240w\" sizes=\"auto, (max-width: 353px) 100vw, 353px\" \/><\/a><\/figure>\n<\/div>\n\n\n\n<div class=\"wp-block-column is-layout-flow wp-block-column-is-layout-flow\" style=\"flex-basis:66.66%\">\n<figure class=\"wp-block-image size-large is-resized\"><a href=\"https:\/\/maquisdelorris.fr\/resistance\/wp-content\/uploads\/2024\/09\/IMG_20240915_165006-scaled.jpg\"><img loading=\"lazy\" decoding=\"async\" width=\"1024\" height=\"576\" src=\"https:\/\/maquisdelorris.fr\/resistance\/wp-content\/uploads\/2024\/09\/IMG_20240915_165006-1024x576.jpg\" alt=\"\" class=\"wp-image-8744\" style=\"width:595px;height:335px\" srcset=\"https:\/\/maquisdelorris.fr\/resistance\/wp-content\/uploads\/2024\/09\/IMG_20240915_165006-1024x576.jpg 1024w, https:\/\/maquisdelorris.fr\/resistance\/wp-content\/uploads\/2024\/09\/IMG_20240915_165006-300x169.jpg 300w, https:\/\/maquisdelorris.fr\/resistance\/wp-content\/uploads\/2024\/09\/IMG_20240915_165006-768x432.jpg 768w, https:\/\/maquisdelorris.fr\/resistance\/wp-content\/uploads\/2024\/09\/IMG_20240915_165006-1536x864.jpg 1536w, https:\/\/maquisdelorris.fr\/resistance\/wp-content\/uploads\/2024\/09\/IMG_20240915_165006-2048x1152.jpg 2048w, https:\/\/maquisdelorris.fr\/resistance\/wp-content\/uploads\/2024\/09\/IMG_20240915_165006-640x360.jpg 640w, https:\/\/maquisdelorris.fr\/resistance\/wp-content\/uploads\/2024\/09\/IMG_20240915_165006-969x545.jpg 969w\" sizes=\"auto, (max-width: 1024px) 100vw, 1024px\" \/><\/a><\/figure>\n<\/div>\n<\/div>\n","protected":false},"excerpt":{"rendered":"<p>C&rsquo;est le dimanche 15 septembre que s&rsquo;est tenue \u00e0 l&rsquo;occasion du 80\u00e8me anniversaire des combats du maquis de Lorris notre traditionnelle c\u00e9r\u00e9monie annuelle comm\u00e9morative au Carrefour de la R\u00e9sistance, c\u00e9r\u00e9monie dont vous pourrez retrouver le bilan et compte-rendu habituels sur cette page\u00a0!<\/p>\n","protected":false},"author":5,"featured_media":8735,"comment_status":"closed","ping_status":"open","sticky":false,"template":"","format":"standard","meta":{"footnotes":""},"categories":[],"tags":[],"class_list":["post-5630","post","type-post","status-publish","format-standard","has-post-thumbnail","hentry","item-wrap"],"aioseo_notices":[],"views":984,"_links":{"self":[{"href":"https:\/\/maquisdelorris.fr\/resistance\/index.php?rest_route=\/wp\/v2\/posts\/5630","targetHints":{"allow":["GET"]}}],"collection":[{"href":"https:\/\/maquisdelorris.fr\/resistance\/index.php?rest_route=\/wp\/v2\/posts"}],"about":[{"href":"https:\/\/maquisdelorris.fr\/resistance\/index.php?rest_route=\/wp\/v2\/types\/post"}],"author":[{"embeddable":true,"href":"https:\/\/maquisdelorris.fr\/resistance\/index.php?rest_route=\/wp\/v2\/users\/5"}],"replies":[{"embeddable":true,"href":"https:\/\/maquisdelorris.fr\/resistance\/index.php?rest_route=%2Fwp%2Fv2%2Fcomments&post=5630"}],"version-history":[{"count":0,"href":"https:\/\/maquisdelorris.fr\/resistance\/index.php?rest_route=\/wp\/v2\/posts\/5630\/revisions"}],"wp:featuredmedia":[{"embeddable":true,"href":"https:\/\/maquisdelorris.fr\/resistance\/index.php?rest_route=\/wp\/v2\/media\/8735"}],"wp:attachment":[{"href":"https:\/\/maquisdelorris.fr\/resistance\/index.php?rest_route=%2Fwp%2Fv2%2Fmedia&parent=5630"}],"wp:term":[{"taxonomy":"category","embeddable":true,"href":"https:\/\/maquisdelorris.fr\/resistance\/index.php?rest_route=%2Fwp%2Fv2%2Fcategories&post=5630"},{"taxonomy":"post_tag","embeddable":true,"href":"https:\/\/maquisdelorris.fr\/resistance\/index.php?rest_route=%2Fwp%2Fv2%2Ftags&post=5630"}],"curies":[{"name":"wp","href":"https:\/\/api.w.org\/{rel}","templated":true}]}}