{"id":7765,"date":"2022-06-15T07:15:00","date_gmt":"2022-06-15T07:15:00","guid":{"rendered":"http:\/\/maquisdelorris.fr\/resistance\/?p=7765"},"modified":"2022-06-30T07:33:59","modified_gmt":"2022-06-30T07:33:59","slug":"randonnee-nocturne-le-maquis-sous-les-etoiles-organisee-le-1er-juillet","status":"publish","type":"post","link":"https:\/\/maquisdelorris.fr\/resistance\/?p=7765","title":{"rendered":"Randonn\u00e9e nocturne \u00ab\u00a0Le maquis sous les \u00e9toiles\u00a0\u00bb organis\u00e9e le 1er juillet !"},"content":{"rendered":"<div class=\"wp-block-image\">\n<figure class=\"alignright size-large is-resized\"><a href=\"https:\/\/maquisdelorris.fr\/resistance\/wp-content\/uploads\/2022\/06\/Rando-2022.jpg\"><img loading=\"lazy\" decoding=\"async\" src=\"https:\/\/maquisdelorris.fr\/resistance\/wp-content\/uploads\/2022\/06\/Rando-2022-776x1024.jpg\" alt=\"\" class=\"wp-image-7769\" width=\"510\" height=\"673\" srcset=\"https:\/\/maquisdelorris.fr\/resistance\/wp-content\/uploads\/2022\/06\/Rando-2022-776x1024.jpg 776w, https:\/\/maquisdelorris.fr\/resistance\/wp-content\/uploads\/2022\/06\/Rando-2022-227x300.jpg 227w, https:\/\/maquisdelorris.fr\/resistance\/wp-content\/uploads\/2022\/06\/Rando-2022-768x1013.jpg 768w, https:\/\/maquisdelorris.fr\/resistance\/wp-content\/uploads\/2022\/06\/Rando-2022-640x845.jpg 640w, https:\/\/maquisdelorris.fr\/resistance\/wp-content\/uploads\/2022\/06\/Rando-2022-969x1279.jpg 969w, https:\/\/maquisdelorris.fr\/resistance\/wp-content\/uploads\/2022\/06\/Rando-2022.jpg 1045w\" sizes=\"auto, (max-width: 510px) 100vw, 510px\" \/><\/a><\/figure>\n<\/div>\n\n\n<p>Comme annonc\u00e9 le mois dernier, l&rsquo;\u00e9quipe du <a href=\"http:\/\/www.museelorris.fr\/\" target=\"_blank\" rel=\"noreferrer noopener\">Mus\u00e9e de la R\u00e9sistance et de la D\u00e9portation de Lorris<\/a>&nbsp;organise, en partenariat avec <a href=\"https:\/\/www.facebook.com\/people\/Lorris-Rando-Loisirs\/100057644401092\/\" target=\"_blank\" rel=\"noreferrer noopener\">Lorris Rando loisirs<\/a> et l&rsquo;<a href=\"https:\/\/sites.google.com\/site\/atelieracoulisses\/\" target=\"_blank\" rel=\"noreferrer noopener\">Atelier \u00e0 coulisses <\/a>une balade sous les \u00e9toiles \u00e0 la d\u00e9couverte des lieux embl\u00e9matiques du maquis de Lorris.  <\/p>\n\n\n\n<p>Rendez-vous nombreux vendredi soir 1er juillet, infos et d\u00e9tails dans le flyer t\u00e9l\u00e9chargeable ci-dessous !<\/p>\n\n\n\n<p><a href=\"https:\/\/maquisdelorris.fr\/resistance\/wp-content\/uploads\/2022\/06\/Randonnee-Flyer.pdf\" target=\"_blank\" rel=\"noreferrer noopener\">Flyer Le maquis sous les \u00e9toiles \u00e0 t\u00e9l\u00e9charger ici<\/a><\/p>\n\n\n\n<p>Notez enfin qu&rsquo;une seconde date est d&rsquo;ores et d\u00e9j\u00e0 pr\u00e9vue au 3 septembre prochain !<\/p>\n","protected":false},"excerpt":{"rendered":"<p>Comme annonc\u00e9 le mois dernier, l&rsquo;\u00e9quipe du Mus\u00e9e de la R\u00e9sistance et de la D\u00e9portation de Lorris&nbsp;organise, en partenariat avec Lorris Rando loisirs et l&rsquo;Atelier \u00e0 coulisses une balade sous les \u00e9toiles \u00e0 la d\u00e9couverte des lieux embl\u00e9matiques du maquis de Lorris. Rendez-vous nombreux vendredi soir 1er juillet, infos et d\u00e9tails dans le flyer t\u00e9l\u00e9chargeable &hellip; <\/p>\n<p><a class=\"more-link btn\" href=\"https:\/\/maquisdelorris.fr\/resistance\/?p=7765\">Lire la suite<\/a><\/p>\n","protected":false},"author":5,"featured_media":7769,"comment_status":"closed","ping_status":"open","sticky":false,"template":"","format":"standard","meta":{"footnotes":""},"categories":[],"tags":[],"class_list":["post-7765","post","type-post","status-publish","format-standard","has-post-thumbnail","hentry","item-wrap"],"aioseo_notices":[],"views":313,"_links":{"self":[{"href":"https:\/\/maquisdelorris.fr\/resistance\/index.php?rest_route=\/wp\/v2\/posts\/7765","targetHints":{"allow":["GET"]}}],"collection":[{"href":"https:\/\/maquisdelorris.fr\/resistance\/index.php?rest_route=\/wp\/v2\/posts"}],"about":[{"href":"https:\/\/maquisdelorris.fr\/resistance\/index.php?rest_route=\/wp\/v2\/types\/post"}],"author":[{"embeddable":true,"href":"https:\/\/maquisdelorris.fr\/resistance\/index.php?rest_route=\/wp\/v2\/users\/5"}],"replies":[{"embeddable":true,"href":"https:\/\/maquisdelorris.fr\/resistance\/index.php?rest_route=%2Fwp%2Fv2%2Fcomments&post=7765"}],"version-history":[{"count":0,"href":"https:\/\/maquisdelorris.fr\/resistance\/index.php?rest_route=\/wp\/v2\/posts\/7765\/revisions"}],"wp:featuredmedia":[{"embeddable":true,"href":"https:\/\/maquisdelorris.fr\/resistance\/index.php?rest_route=\/wp\/v2\/media\/7769"}],"wp:attachment":[{"href":"https:\/\/maquisdelorris.fr\/resistance\/index.php?rest_route=%2Fwp%2Fv2%2Fmedia&parent=7765"}],"wp:term":[{"taxonomy":"category","embeddable":true,"href":"https:\/\/maquisdelorris.fr\/resistance\/index.php?rest_route=%2Fwp%2Fv2%2Fcategories&post=7765"},{"taxonomy":"post_tag","embeddable":true,"href":"https:\/\/maquisdelorris.fr\/resistance\/index.php?rest_route=%2Fwp%2Fv2%2Ftags&post=7765"}],"curies":[{"name":"wp","href":"https:\/\/api.w.org\/{rel}","templated":true}]}}