{"id":7776,"date":"2022-06-30T07:44:35","date_gmt":"2022-06-30T07:44:35","guid":{"rendered":"http:\/\/maquisdelorris.fr\/resistance\/?p=7776"},"modified":"2022-06-30T07:45:26","modified_gmt":"2022-06-30T07:45:26","slug":"les-femmes-entrent-en-resistance-au-musee-de-lorris","status":"publish","type":"post","link":"https:\/\/maquisdelorris.fr\/resistance\/?p=7776","title":{"rendered":"Les femmes entrent en r\u00e9sistance au mus\u00e9e de Lorris"},"content":{"rendered":"\n<p>C&rsquo;est en effet \u00e0 compter du 16 juillet prochain que vous pourrez enrichir vos connaissances sur le r\u00f4le des femmes dans la R\u00e9sistance en France entre 1940 et 1944, gr\u00e2ce \u00e0 une exposition passionnante con\u00e7ue par la <a href=\"https:\/\/www.fondationresistance.org\/pages\/accueil\/\" target=\"_blank\" rel=\"noreferrer noopener\">Fondation de la R\u00e9sistance<\/a> et propos\u00e9e au <a href=\"http:\/\/www.museelorris.fr\/\" target=\"_blank\" rel=\"noreferrer noopener\">Mus\u00e9e de la R\u00e9sistance et de la D\u00e9portation de Lorris<\/a>.<\/p>\n\n\n\n<p>A venir d\u00e9couvrir jusqu&rsquo;au 31 ao\u00fbt, infos et d\u00e9tails ci-dessous !<\/p>\n\n\n<div class=\"wp-block-image\">\n<figure class=\"aligncenter size-large is-resized\"><a href=\"https:\/\/maquisdelorris.fr\/resistance\/wp-content\/uploads\/2022\/06\/Musee-juillet.jpg\"><img loading=\"lazy\" decoding=\"async\" src=\"https:\/\/maquisdelorris.fr\/resistance\/wp-content\/uploads\/2022\/06\/Musee-juillet-736x1024.jpg\" alt=\"\" class=\"wp-image-7768\" width=\"582\" height=\"810\" srcset=\"https:\/\/maquisdelorris.fr\/resistance\/wp-content\/uploads\/2022\/06\/Musee-juillet-736x1024.jpg 736w, https:\/\/maquisdelorris.fr\/resistance\/wp-content\/uploads\/2022\/06\/Musee-juillet-216x300.jpg 216w, https:\/\/maquisdelorris.fr\/resistance\/wp-content\/uploads\/2022\/06\/Musee-juillet-768x1068.jpg 768w, https:\/\/maquisdelorris.fr\/resistance\/wp-content\/uploads\/2022\/06\/Musee-juillet-640x890.jpg 640w, https:\/\/maquisdelorris.fr\/resistance\/wp-content\/uploads\/2022\/06\/Musee-juillet-969x1348.jpg 969w, https:\/\/maquisdelorris.fr\/resistance\/wp-content\/uploads\/2022\/06\/Musee-juillet.jpg 1025w\" sizes=\"auto, (max-width: 582px) 100vw, 582px\" \/><\/a><\/figure>\n<\/div>","protected":false},"excerpt":{"rendered":"<p>C&rsquo;est en effet \u00e0 compter du 16 juillet prochain que vous pourrez enrichir vos connaissances sur le r\u00f4le des femmes dans la R\u00e9sistance en France entre 1940 et 1944, gr\u00e2ce \u00e0 une exposition passionnante con\u00e7ue par la Fondation de la R\u00e9sistance et propos\u00e9e au Mus\u00e9e de la R\u00e9sistance et de la D\u00e9portation de Lorris. A &hellip; <\/p>\n<p><a class=\"more-link btn\" href=\"https:\/\/maquisdelorris.fr\/resistance\/?p=7776\">Lire la suite<\/a><\/p>\n","protected":false},"author":5,"featured_media":7767,"comment_status":"closed","ping_status":"open","sticky":false,"template":"","format":"standard","meta":{"footnotes":""},"categories":[],"tags":[],"class_list":["post-7776","post","type-post","status-publish","format-standard","has-post-thumbnail","hentry","item-wrap"],"aioseo_notices":[],"views":330,"_links":{"self":[{"href":"https:\/\/maquisdelorris.fr\/resistance\/index.php?rest_route=\/wp\/v2\/posts\/7776","targetHints":{"allow":["GET"]}}],"collection":[{"href":"https:\/\/maquisdelorris.fr\/resistance\/index.php?rest_route=\/wp\/v2\/posts"}],"about":[{"href":"https:\/\/maquisdelorris.fr\/resistance\/index.php?rest_route=\/wp\/v2\/types\/post"}],"author":[{"embeddable":true,"href":"https:\/\/maquisdelorris.fr\/resistance\/index.php?rest_route=\/wp\/v2\/users\/5"}],"replies":[{"embeddable":true,"href":"https:\/\/maquisdelorris.fr\/resistance\/index.php?rest_route=%2Fwp%2Fv2%2Fcomments&post=7776"}],"version-history":[{"count":0,"href":"https:\/\/maquisdelorris.fr\/resistance\/index.php?rest_route=\/wp\/v2\/posts\/7776\/revisions"}],"wp:featuredmedia":[{"embeddable":true,"href":"https:\/\/maquisdelorris.fr\/resistance\/index.php?rest_route=\/wp\/v2\/media\/7767"}],"wp:attachment":[{"href":"https:\/\/maquisdelorris.fr\/resistance\/index.php?rest_route=%2Fwp%2Fv2%2Fmedia&parent=7776"}],"wp:term":[{"taxonomy":"category","embeddable":true,"href":"https:\/\/maquisdelorris.fr\/resistance\/index.php?rest_route=%2Fwp%2Fv2%2Fcategories&post=7776"},{"taxonomy":"post_tag","embeddable":true,"href":"https:\/\/maquisdelorris.fr\/resistance\/index.php?rest_route=%2Fwp%2Fv2%2Ftags&post=7776"}],"curies":[{"name":"wp","href":"https:\/\/api.w.org\/{rel}","templated":true}]}}