{"id":7782,"date":"2022-08-05T10:28:57","date_gmt":"2022-08-05T10:28:57","guid":{"rendered":"https:\/\/maquisdelorris.fr\/resistance\/?p=7782"},"modified":"2022-08-15T20:10:00","modified_gmt":"2022-08-15T20:10:00","slug":"la-ceremonie-du-14-aout-2022-au-carrefour-enfin-rouverte-a-tous","status":"publish","type":"post","link":"https:\/\/maquisdelorris.fr\/resistance\/?p=7782","title":{"rendered":"Annulation de la comm\u00e9moration du 14 ao\u00fbt au Carrefour !"},"content":{"rendered":"<div class=\"wp-block-image\">\n<figure class=\"alignleft size-full\"><a href=\"https:\/\/maquisdelorris.fr\/resistance\/wp-content\/uploads\/2019\/07\/Logo-AFAAM-widget-145.jpg\"><img loading=\"lazy\" decoding=\"async\" width=\"145\" height=\"124\" src=\"https:\/\/maquisdelorris.fr\/resistance\/wp-content\/uploads\/2019\/07\/Logo-AFAAM-widget-145.jpg\" alt=\"\" class=\"wp-image-6744\"\/><\/a><\/figure>\n<\/div>\n\n\n<p class=\"has-black-color has-text-color\">Communiqu\u00e9 officiel de l&rsquo;<a href=\"https:\/\/maquisdelorris.fr\/resistance\/?page_id=1145\" target=\"_blank\" rel=\"noreferrer noopener\">AFAAM<\/a>, 18H30, 9 ao\u00fbt 2022 : <\/p>\n\n\n\n<p class=\"has-vivid-red-color has-text-color\">suite \u00e0 l&rsquo;arr\u00eat\u00e9 pr\u00e9fectoral et aux d\u00e9cisions de l&rsquo;ONF, en raison des risques d&rsquo;incendie, la c\u00e9r\u00e9monie comm\u00e9morative habituelle et publique du 14 ao\u00fbt \u00e0 16h au carrefour de la R\u00e9sistance est annul\u00e9e. Un hommage priv\u00e9 sera n\u00e9anmoins rendu aux combattants et victimes du Maquis.<\/p>\n","protected":false},"excerpt":{"rendered":"<p>Communiqu\u00e9 officiel de l&rsquo;AFAAM, 18H30, 9 ao\u00fbt 2022 : suite \u00e0 l&rsquo;arr\u00eat\u00e9 pr\u00e9fectoral et aux d\u00e9cisions de l&rsquo;ONF, en raison des risques d&rsquo;incendie, la c\u00e9r\u00e9monie comm\u00e9morative habituelle et publique du 14 ao\u00fbt \u00e0 16h au carrefour de la R\u00e9sistance est annul\u00e9e. Un hommage priv\u00e9 sera n\u00e9anmoins rendu aux combattants et victimes du Maquis.<\/p>\n","protected":false},"author":5,"featured_media":7792,"comment_status":"closed","ping_status":"open","sticky":false,"template":"","format":"standard","meta":{"footnotes":""},"categories":[],"tags":[],"class_list":["post-7782","post","type-post","status-publish","format-standard","has-post-thumbnail","hentry","item-wrap"],"aioseo_notices":[],"views":336,"_links":{"self":[{"href":"https:\/\/maquisdelorris.fr\/resistance\/index.php?rest_route=\/wp\/v2\/posts\/7782","targetHints":{"allow":["GET"]}}],"collection":[{"href":"https:\/\/maquisdelorris.fr\/resistance\/index.php?rest_route=\/wp\/v2\/posts"}],"about":[{"href":"https:\/\/maquisdelorris.fr\/resistance\/index.php?rest_route=\/wp\/v2\/types\/post"}],"author":[{"embeddable":true,"href":"https:\/\/maquisdelorris.fr\/resistance\/index.php?rest_route=\/wp\/v2\/users\/5"}],"replies":[{"embeddable":true,"href":"https:\/\/maquisdelorris.fr\/resistance\/index.php?rest_route=%2Fwp%2Fv2%2Fcomments&post=7782"}],"version-history":[{"count":0,"href":"https:\/\/maquisdelorris.fr\/resistance\/index.php?rest_route=\/wp\/v2\/posts\/7782\/revisions"}],"wp:featuredmedia":[{"embeddable":true,"href":"https:\/\/maquisdelorris.fr\/resistance\/index.php?rest_route=\/wp\/v2\/media\/7792"}],"wp:attachment":[{"href":"https:\/\/maquisdelorris.fr\/resistance\/index.php?rest_route=%2Fwp%2Fv2%2Fmedia&parent=7782"}],"wp:term":[{"taxonomy":"category","embeddable":true,"href":"https:\/\/maquisdelorris.fr\/resistance\/index.php?rest_route=%2Fwp%2Fv2%2Fcategories&post=7782"},{"taxonomy":"post_tag","embeddable":true,"href":"https:\/\/maquisdelorris.fr\/resistance\/index.php?rest_route=%2Fwp%2Fv2%2Ftags&post=7782"}],"curies":[{"name":"wp","href":"https:\/\/api.w.org\/{rel}","templated":true}]}}