{"id":7930,"date":"2022-11-16T12:57:22","date_gmt":"2022-11-16T12:57:22","guid":{"rendered":"https:\/\/maquisdelorris.fr\/resistance\/?p=7930"},"modified":"2023-08-08T15:31:19","modified_gmt":"2023-08-08T15:31:19","slug":"des-eleves-de-saint-cyr-en-visite-memorielle-dans-le-loiret","status":"publish","type":"post","link":"https:\/\/maquisdelorris.fr\/resistance\/?p=7930","title":{"rendered":"Des \u00e9l\u00e8ves officiers du lyc\u00e9e militaire de Saint-Cyr en visite m\u00e9morielle dans le Loiret !"},"content":{"rendered":"\n<p>Vous le savez si vous \u00eates d\u00e9sormais incollable sur l\u2019histoire et l\u2019organisation du maquis de Lorris, un certain nombre d\u2019\u00e9tudiants, \u00e9l\u00e8ves officiers de l\u2019arm\u00e9e fran\u00e7aise du lyc\u00e9e militaire de Saint-Cyr, ont \u00e9t\u00e9 appel\u00e9s \u00e0 l\u2019initiative d\u2019Albin Chalandon \u00e0 l\u2019\u00e9t\u00e9 1944 pour organiser l\u2019instruction clandestine des hommes int\u00e9gr\u00e9s au maquis pendant la guerre. Les \u00ab&nbsp;Cyrards&nbsp;\u00bb comme on les surnommait alors, ont re\u00e7u pour lourde t\u00e2che d\u2019instruire ces volontaires, la plupart totalement novices en la mati\u00e8re, au maniement des armes et des explosifs.<\/p>\n\n\n<div class=\"wp-block-image\">\n<figure class=\"alignright size-large is-resized\"><a href=\"https:\/\/maquisdelorris.fr\/resistance\/wp-content\/uploads\/2022\/11\/ESM_St_Cyr.svg_.png\"><img loading=\"lazy\" decoding=\"async\" src=\"https:\/\/maquisdelorris.fr\/resistance\/wp-content\/uploads\/2022\/11\/ESM_St_Cyr.svg_-508x1024.png\" alt=\"\" class=\"wp-image-7928\" width=\"98\" height=\"198\" srcset=\"https:\/\/maquisdelorris.fr\/resistance\/wp-content\/uploads\/2022\/11\/ESM_St_Cyr.svg_-508x1024.png 508w, https:\/\/maquisdelorris.fr\/resistance\/wp-content\/uploads\/2022\/11\/ESM_St_Cyr.svg_-149x300.png 149w, https:\/\/maquisdelorris.fr\/resistance\/wp-content\/uploads\/2022\/11\/ESM_St_Cyr.svg_-768x1549.png 768w, https:\/\/maquisdelorris.fr\/resistance\/wp-content\/uploads\/2022\/11\/ESM_St_Cyr.svg_-761x1536.png 761w, https:\/\/maquisdelorris.fr\/resistance\/wp-content\/uploads\/2022\/11\/ESM_St_Cyr.svg_-640x1291.png 640w, https:\/\/maquisdelorris.fr\/resistance\/wp-content\/uploads\/2022\/11\/ESM_St_Cyr.svg_.png 800w\" sizes=\"auto, (max-width: 98px) 100vw, 98px\" \/><\/a><figcaption class=\"wp-element-caption\">La devise des Cyrards, ou Saint-Cyriens<\/figcaption><\/figure>\n<\/div>\n\n<div class=\"wp-block-image\">\n<figure class=\"alignleft size-large is-resized\"><a href=\"https:\/\/maquisdelorris.fr\/resistance\/wp-content\/uploads\/2022\/11\/Logo_de_lacademie_militaire_de_Saint-Cyr_Coetquidan.svg_.png\"><img loading=\"lazy\" decoding=\"async\" src=\"https:\/\/maquisdelorris.fr\/resistance\/wp-content\/uploads\/2022\/11\/Logo_de_lacademie_militaire_de_Saint-Cyr_Coetquidan.svg_-813x1024.png\" alt=\"\" class=\"wp-image-7929\" width=\"209\" height=\"263\" srcset=\"https:\/\/maquisdelorris.fr\/resistance\/wp-content\/uploads\/2022\/11\/Logo_de_lacademie_militaire_de_Saint-Cyr_Coetquidan.svg_-813x1024.png 813w, https:\/\/maquisdelorris.fr\/resistance\/wp-content\/uploads\/2022\/11\/Logo_de_lacademie_militaire_de_Saint-Cyr_Coetquidan.svg_-238x300.png 238w, https:\/\/maquisdelorris.fr\/resistance\/wp-content\/uploads\/2022\/11\/Logo_de_lacademie_militaire_de_Saint-Cyr_Coetquidan.svg_-768x968.png 768w, https:\/\/maquisdelorris.fr\/resistance\/wp-content\/uploads\/2022\/11\/Logo_de_lacademie_militaire_de_Saint-Cyr_Coetquidan.svg_-1219x1536.png 1219w, https:\/\/maquisdelorris.fr\/resistance\/wp-content\/uploads\/2022\/11\/Logo_de_lacademie_militaire_de_Saint-Cyr_Coetquidan.svg_-640x807.png 640w, https:\/\/maquisdelorris.fr\/resistance\/wp-content\/uploads\/2022\/11\/Logo_de_lacademie_militaire_de_Saint-Cyr_Coetquidan.svg_-969x1221.png 969w, https:\/\/maquisdelorris.fr\/resistance\/wp-content\/uploads\/2022\/11\/Logo_de_lacademie_militaire_de_Saint-Cyr_Coetquidan.svg_.png 1280w\" sizes=\"auto, (max-width: 209px) 100vw, 209px\" \/><\/a><\/figure>\n<\/div>\n\n\n<p>21 d\u2019entre eux rejoindront ainsi la for\u00eat d\u2019Orl\u00e9ans pour \u00eatre r\u00e9partis dans les maquis environnants et encadrer les r\u00e9sistants locaux. Vous retrouvez <a href=\"https:\/\/maquisdelorris.fr\/resistance\/?page_id=95\" target=\"_blank\" rel=\"noopener\" title=\"\">sur cette page<\/a> l&rsquo;histoire de la formation du maquis, et en particulier la gen\u00e8se de la venue de ces cyrards en for\u00eat d&rsquo;Orl\u00e9ans, ainsi que le r\u00e9cit de l&rsquo;engagement de certains d&rsquo;entre eux comme Michel No\u00ebl du Payrat, Claude Morraglia ou Andr\u00e9 Pagnol, sur la page consacr\u00e9e <a href=\"https:\/\/maquisdelorris.fr\/resistance\/?page_id=5952\" target=\"_blank\" rel=\"noopener\" title=\"\">\u00c0 nos anciens disparus<\/a>.<\/p>\n\n\n\n<p>Dans le cadre du parcours de transmission des traditions et de la formation humaine au sein de l&rsquo;Acad\u00e9mie militaire de Saint-Cyr Co\u00ebtquidan&nbsp;(AMSCC), les \u00e9l\u00e8ves officiers du 2e bataillon, <a href=\"https:\/\/www.saint-cyr.org\/article\/chic-a-la-promotion-colonel-le-cocq\/26\/07\/2022\/1297\" target=\"_blank\" rel=\"noopener\" title=\"\">promotion \u00abcolonel Le Cocq\u00bb<\/a>, ont organis\u00e9 en faveur de leurs jeunes camarades du 3e bataillon et des officiers recrut\u00e9s sur titre du 1er bataillon une s\u00e9quence consacr\u00e9e \u00e0 l&rsquo;histoire de leur \u00e9cole.<\/p>\n\n\n\n<p>Ils ont ainsi choisi de visiter les hauts-lieux des <a href=\"https:\/\/maquisdelorris.fr\/resistance\/?page_id=103\" target=\"_blank\" rel=\"noopener\" title=\"\">combats du maquis de Lorr<\/a>is en ce lundi 14 novembre 2022, en l&rsquo;honneur des Saint-Cyriens et maquisards qui s\u2019y sont illustr\u00e9s.<\/p>\n\n\n<div class=\"wp-block-image\">\n<figure class=\"alignright size-full is-resized\"><a href=\"https:\/\/maquisdelorris.fr\/resistance\/wp-content\/uploads\/2022\/11\/promotion-Lecoq.png\"><img loading=\"lazy\" decoding=\"async\" src=\"https:\/\/maquisdelorris.fr\/resistance\/wp-content\/uploads\/2022\/11\/promotion-Lecoq.png\" alt=\"\" class=\"wp-image-7959\" width=\"438\" height=\"246\" srcset=\"https:\/\/maquisdelorris.fr\/resistance\/wp-content\/uploads\/2022\/11\/promotion-Lecoq.png 640w, https:\/\/maquisdelorris.fr\/resistance\/wp-content\/uploads\/2022\/11\/promotion-Lecoq-300x169.png 300w\" sizes=\"auto, (max-width: 438px) 100vw, 438px\" \/><\/a><figcaption class=\"wp-element-caption\">L&rsquo;insigne de la promotion colonel Le Cocq<\/figcaption><\/figure>\n<\/div>\n\n\n<p>Ce ne sont pas moins de 259 \u00e9l\u00e8ves officiers des 1er, 2e et 3e bataillons de l&rsquo;\u00e9cole sp\u00e9ciale militaire de Saint-Cyr, accompagn\u00e9s de leurs officiers, dont le lieutenant-colonel Delibes, commandant le 3e bataillon, soit 264 hommes en tout qui sont venus visiter le mus\u00e9e de la R\u00e9sistance et de la D\u00e9portation de Lorris. Au programme, divers ateliers consacr\u00e9s \u00e0 la pr\u00e9sentation du Maquis de Lorris, la situation particuli\u00e8re de l\u2019\u00e9cole de Saint Cyr pendant la guerre, ou encore sur la loyaut\u00e9.<\/p>\n\n\n\n<p>C\u2019est ensuite sur les sentiers du maquis et au Carrefour de la R\u00e9sistance qu\u2019un vibrant hommage a \u00e9t\u00e9 rendu aux r\u00e9sistants du maquis lors d\u2019une \u00e9mouvante c\u00e9r\u00e9monie nocturne, avec le traditionnel d\u00e9p\u00f4t de gerbe devant le <a href=\"https:\/\/maquisdelorris.fr\/resistance\/?page_id=109\" target=\"_blank\" rel=\"noopener\" title=\"\">monument que vous connaissez tous<\/a>.<\/p>\n\n\n<div class=\"wp-block-image\">\n<figure class=\"aligncenter size-large is-resized\"><a href=\"https:\/\/maquisdelorris.fr\/resistance\/wp-content\/uploads\/2022\/11\/st-cyr2-scaled.jpg\"><img loading=\"lazy\" decoding=\"async\" src=\"https:\/\/maquisdelorris.fr\/resistance\/wp-content\/uploads\/2022\/11\/st-cyr2-1024x461.jpg\" alt=\"\" class=\"wp-image-7937\" width=\"768\" height=\"346\" srcset=\"https:\/\/maquisdelorris.fr\/resistance\/wp-content\/uploads\/2022\/11\/st-cyr2-1024x461.jpg 1024w, https:\/\/maquisdelorris.fr\/resistance\/wp-content\/uploads\/2022\/11\/st-cyr2-300x135.jpg 300w, https:\/\/maquisdelorris.fr\/resistance\/wp-content\/uploads\/2022\/11\/st-cyr2-768x346.jpg 768w, https:\/\/maquisdelorris.fr\/resistance\/wp-content\/uploads\/2022\/11\/st-cyr2-1536x692.jpg 1536w, https:\/\/maquisdelorris.fr\/resistance\/wp-content\/uploads\/2022\/11\/st-cyr2-2048x922.jpg 2048w, https:\/\/maquisdelorris.fr\/resistance\/wp-content\/uploads\/2022\/11\/st-cyr2-640x288.jpg 640w, https:\/\/maquisdelorris.fr\/resistance\/wp-content\/uploads\/2022\/11\/st-cyr2-969x436.jpg 969w\" sizes=\"auto, (max-width: 768px) 100vw, 768px\" \/><\/a><figcaption class=\"wp-element-caption\">Une arriv\u00e9e en bon ordre <em>(Droits r\u00e9serv\u00e9s, AFAAM, <em>Carrefour de la R\u00e9sistance<\/em>, <em>14 novembre 2022<\/em>)<\/em><\/figcaption><\/figure>\n<\/div>\n\n<div class=\"wp-block-image\">\n<figure class=\"aligncenter size-large is-resized\"><a href=\"https:\/\/maquisdelorris.fr\/resistance\/wp-content\/uploads\/2022\/11\/st-cyr-scaled.jpg\"><img loading=\"lazy\" decoding=\"async\" src=\"https:\/\/maquisdelorris.fr\/resistance\/wp-content\/uploads\/2022\/11\/st-cyr-1024x461.jpg\" alt=\"\" class=\"wp-image-7935\" width=\"768\" height=\"346\" srcset=\"https:\/\/maquisdelorris.fr\/resistance\/wp-content\/uploads\/2022\/11\/st-cyr-1024x461.jpg 1024w, https:\/\/maquisdelorris.fr\/resistance\/wp-content\/uploads\/2022\/11\/st-cyr-300x135.jpg 300w, https:\/\/maquisdelorris.fr\/resistance\/wp-content\/uploads\/2022\/11\/st-cyr-768x346.jpg 768w, https:\/\/maquisdelorris.fr\/resistance\/wp-content\/uploads\/2022\/11\/st-cyr-1536x692.jpg 1536w, https:\/\/maquisdelorris.fr\/resistance\/wp-content\/uploads\/2022\/11\/st-cyr-2048x922.jpg 2048w, https:\/\/maquisdelorris.fr\/resistance\/wp-content\/uploads\/2022\/11\/st-cyr-640x288.jpg 640w, https:\/\/maquisdelorris.fr\/resistance\/wp-content\/uploads\/2022\/11\/st-cyr-969x436.jpg 969w\" sizes=\"auto, (max-width: 768px) 100vw, 768px\" \/><\/a><figcaption class=\"wp-element-caption\">Hommage aux martyrs du 14 ao\u00fbt 1944 <em>(Droits r\u00e9serv\u00e9s, AFAAM, <em>Carrefour de la R\u00e9sistance<\/em>, <em>14 novembre 2022<\/em>)<\/em><\/figcaption><\/figure>\n<\/div>\n\n\n<p>Un bien bel hommage qui aurait certainement beaucoup plu \u00e0 notre ami <a href=\"https:\/\/maquisdelorris.fr\/resistance\/?page_id=5952\" target=\"_blank\" rel=\"noopener\" title=\"\">Bernard Chalopin<\/a>, disparu en septembre, mais qui prouve s&rsquo;il en \u00e9tait besoin que malgr\u00e9 l&rsquo;absence de nos anciens, la flamme de la M\u00e9moire des maquisards de Lorris ne s&rsquo;\u00e9teindra pas de sit\u00f4t\u2026<\/p>\n\n\n<div class=\"wp-block-image\">\n<figure class=\"aligncenter size-large is-resized\"><a href=\"https:\/\/maquisdelorris.fr\/resistance\/wp-content\/uploads\/2022\/11\/st-cyr1-scaled.jpg\"><img loading=\"lazy\" decoding=\"async\" src=\"https:\/\/maquisdelorris.fr\/resistance\/wp-content\/uploads\/2022\/11\/st-cyr1-1024x461.jpg\" alt=\"\" class=\"wp-image-7936\" width=\"944\" height=\"425\" srcset=\"https:\/\/maquisdelorris.fr\/resistance\/wp-content\/uploads\/2022\/11\/st-cyr1-1024x461.jpg 1024w, https:\/\/maquisdelorris.fr\/resistance\/wp-content\/uploads\/2022\/11\/st-cyr1-300x135.jpg 300w, https:\/\/maquisdelorris.fr\/resistance\/wp-content\/uploads\/2022\/11\/st-cyr1-768x346.jpg 768w, https:\/\/maquisdelorris.fr\/resistance\/wp-content\/uploads\/2022\/11\/st-cyr1-1536x692.jpg 1536w, https:\/\/maquisdelorris.fr\/resistance\/wp-content\/uploads\/2022\/11\/st-cyr1-2048x922.jpg 2048w, https:\/\/maquisdelorris.fr\/resistance\/wp-content\/uploads\/2022\/11\/st-cyr1-640x288.jpg 640w, https:\/\/maquisdelorris.fr\/resistance\/wp-content\/uploads\/2022\/11\/st-cyr1-969x436.jpg 969w\" sizes=\"auto, (max-width: 944px) 100vw, 944px\" \/><\/a><figcaption class=\"wp-element-caption\"><em>(Droits r\u00e9serv\u00e9s, AFAAM, <em>Carrefour de la R\u00e9sistance<\/em>, <em>14 novembre 2022<\/em>)<\/em><\/figcaption><\/figure>\n<\/div>","protected":false},"excerpt":{"rendered":"<p>Vous le savez si vous \u00eates d\u00e9sormais incollable sur l\u2019histoire et l\u2019organisation du maquis de Lorris, un certain nombre d\u2019\u00e9tudiants, \u00e9l\u00e8ves officiers de l\u2019arm\u00e9e fran\u00e7aise du lyc\u00e9e militaire de Saint-Cyr, ont \u00e9t\u00e9 appel\u00e9s \u00e0 l\u2019initiative d\u2019Albin Chalandon \u00e0 l\u2019\u00e9t\u00e9 1944 pour organiser l\u2019instruction clandestine des hommes int\u00e9gr\u00e9s au maquis pendant la guerre. Les \u00ab&nbsp;Cyrards&nbsp;\u00bb comme &hellip; <\/p>\n<p><a class=\"more-link btn\" href=\"https:\/\/maquisdelorris.fr\/resistance\/?p=7930\">Lire la suite<\/a><\/p>\n","protected":false},"author":5,"featured_media":7936,"comment_status":"closed","ping_status":"open","sticky":false,"template":"","format":"standard","meta":{"footnotes":""},"categories":[],"tags":[],"class_list":["post-7930","post","type-post","status-publish","format-standard","has-post-thumbnail","hentry","item-wrap"],"aioseo_notices":[],"views":415,"_links":{"self":[{"href":"https:\/\/maquisdelorris.fr\/resistance\/index.php?rest_route=\/wp\/v2\/posts\/7930","targetHints":{"allow":["GET"]}}],"collection":[{"href":"https:\/\/maquisdelorris.fr\/resistance\/index.php?rest_route=\/wp\/v2\/posts"}],"about":[{"href":"https:\/\/maquisdelorris.fr\/resistance\/index.php?rest_route=\/wp\/v2\/types\/post"}],"author":[{"embeddable":true,"href":"https:\/\/maquisdelorris.fr\/resistance\/index.php?rest_route=\/wp\/v2\/users\/5"}],"replies":[{"embeddable":true,"href":"https:\/\/maquisdelorris.fr\/resistance\/index.php?rest_route=%2Fwp%2Fv2%2Fcomments&post=7930"}],"version-history":[{"count":0,"href":"https:\/\/maquisdelorris.fr\/resistance\/index.php?rest_route=\/wp\/v2\/posts\/7930\/revisions"}],"wp:featuredmedia":[{"embeddable":true,"href":"https:\/\/maquisdelorris.fr\/resistance\/index.php?rest_route=\/wp\/v2\/media\/7936"}],"wp:attachment":[{"href":"https:\/\/maquisdelorris.fr\/resistance\/index.php?rest_route=%2Fwp%2Fv2%2Fmedia&parent=7930"}],"wp:term":[{"taxonomy":"category","embeddable":true,"href":"https:\/\/maquisdelorris.fr\/resistance\/index.php?rest_route=%2Fwp%2Fv2%2Fcategories&post=7930"},{"taxonomy":"post_tag","embeddable":true,"href":"https:\/\/maquisdelorris.fr\/resistance\/index.php?rest_route=%2Fwp%2Fv2%2Ftags&post=7930"}],"curies":[{"name":"wp","href":"https:\/\/api.w.org\/{rel}","templated":true}]}}