{"id":8007,"date":"2023-02-02T16:19:38","date_gmt":"2023-02-02T16:19:38","guid":{"rendered":"http:\/\/maquisdelorris.fr\/resistance\/?p=8007"},"modified":"2023-02-02T16:19:40","modified_gmt":"2023-02-02T16:19:40","slug":"a-la-decouverte-de-rawa-ruska","status":"publish","type":"post","link":"https:\/\/maquisdelorris.fr\/resistance\/?p=8007","title":{"rendered":"A la d\u00e9couverte de Rawa-Ruska"},"content":{"rendered":"\n<p>Rendez vous le 12 f\u00e9vrier prochain au <a href=\"http:\/\/www.museelorris.fr\/\" target=\"_blank\" rel=\"noreferrer noopener\">Mus\u00e9e de la R\u00e9sistance et de la D\u00e9portation de Lorris<\/a> pour assister \u00e0 une conf\u00e9rence consacr\u00e9e au camp de Rawa-Ruska, un camp disciplinaire pour prisonniers de guerre, camp vers lequel les Allemands d\u00e9port\u00e8rent jusqu&rsquo;\u00e0 10 000 Fran\u00e7ais et Belges en repr\u00e9sailles \u00e0 leurs tentatives d&rsquo;\u00e9vasion notamment, ou pour mater les r\u00e9calcitrants au travail. Particularit\u00e9 du camp dans lequel les conditions de vie \u00e9taient terribles, il se trouve aujourd&rsquo;hui \u00e0 proximit\u00e9 de la ville ukrainienne de Rava-Ruska, une bourgade qui a successivement appartenu \u00e0 l&rsquo;Autriche (puis l&rsquo;Autriche-Hongrie), la Pologne apr\u00e8s la Premi\u00e8re guerre mondiale, l&rsquo;URSS apr\u00e8s le pacte germano-sovi\u00e9tique, une ville qui s&rsquo;est ensuite trouv\u00e9e en zone occup\u00e9e par les Allemands d\u00e8s 1941 (op\u00e9ration Barbarossa), puis de nouveau par les Russes, avant de devenir une ville ukrainienne donc depuis 1991 !<\/p>\n\n\n\n<p>Dany Percheron, du Souvenir Fran\u00e7ais, se chargera de vous raconter l&rsquo;histoire compl\u00e8te de ce camp souvent moins connu que ses voisins polonais pendant le conflit mondial de 1939-1945.<\/p>\n\n\n<div class=\"wp-block-image\">\n<figure class=\"aligncenter size-large is-resized\"><a href=\"https:\/\/maquisdelorris.fr\/resistance\/wp-content\/uploads\/2023\/02\/Musee-fev-2023.jpg\"><img loading=\"lazy\" decoding=\"async\" src=\"https:\/\/maquisdelorris.fr\/resistance\/wp-content\/uploads\/2023\/02\/Musee-fev-2023-727x1024.jpg\" alt=\"\" class=\"wp-image-8008\" width=\"580\" height=\"906\"\/><\/a><\/figure>\n<\/div>","protected":false},"excerpt":{"rendered":"<p>Rendez vous le 12 f\u00e9vrier prochain au Mus\u00e9e de la R\u00e9sistance et de la D\u00e9portation de Lorris pour assister \u00e0 une conf\u00e9rence consacr\u00e9e au camp de Rawa-Ruska, un camp disciplinaire pour prisonniers de guerre, camp vers lequel les Allemands d\u00e9port\u00e8rent jusqu&rsquo;\u00e0 10 000 Fran\u00e7ais et Belges en repr\u00e9sailles \u00e0 leurs tentatives d&rsquo;\u00e9vasion notamment, ou pour &hellip; <\/p>\n<p><a class=\"more-link btn\" href=\"https:\/\/maquisdelorris.fr\/resistance\/?p=8007\">Lire la suite<\/a><\/p>\n","protected":false},"author":5,"featured_media":0,"comment_status":"closed","ping_status":"open","sticky":false,"template":"","format":"standard","meta":{"footnotes":""},"categories":[],"tags":[],"class_list":["post-8007","post","type-post","status-publish","format-standard","hentry","item-wrap"],"aioseo_notices":[],"views":145,"_links":{"self":[{"href":"https:\/\/maquisdelorris.fr\/resistance\/index.php?rest_route=\/wp\/v2\/posts\/8007","targetHints":{"allow":["GET"]}}],"collection":[{"href":"https:\/\/maquisdelorris.fr\/resistance\/index.php?rest_route=\/wp\/v2\/posts"}],"about":[{"href":"https:\/\/maquisdelorris.fr\/resistance\/index.php?rest_route=\/wp\/v2\/types\/post"}],"author":[{"embeddable":true,"href":"https:\/\/maquisdelorris.fr\/resistance\/index.php?rest_route=\/wp\/v2\/users\/5"}],"replies":[{"embeddable":true,"href":"https:\/\/maquisdelorris.fr\/resistance\/index.php?rest_route=%2Fwp%2Fv2%2Fcomments&post=8007"}],"version-history":[{"count":0,"href":"https:\/\/maquisdelorris.fr\/resistance\/index.php?rest_route=\/wp\/v2\/posts\/8007\/revisions"}],"wp:attachment":[{"href":"https:\/\/maquisdelorris.fr\/resistance\/index.php?rest_route=%2Fwp%2Fv2%2Fmedia&parent=8007"}],"wp:term":[{"taxonomy":"category","embeddable":true,"href":"https:\/\/maquisdelorris.fr\/resistance\/index.php?rest_route=%2Fwp%2Fv2%2Fcategories&post=8007"},{"taxonomy":"post_tag","embeddable":true,"href":"https:\/\/maquisdelorris.fr\/resistance\/index.php?rest_route=%2Fwp%2Fv2%2Ftags&post=8007"}],"curies":[{"name":"wp","href":"https:\/\/api.w.org\/{rel}","templated":true}]}}