{"id":8150,"date":"2025-08-31T11:30:26","date_gmt":"2025-08-31T11:30:26","guid":{"rendered":"https:\/\/maquisdelorris.fr\/resistance\/?p=8150"},"modified":"2025-08-31T11:31:30","modified_gmt":"2025-08-31T11:31:30","slug":"rendez-vous-le-10-septembre-pour-la-ceremonie-commemorative-du-79eme-anniversaire-des-combats-du-14-aout","status":"publish","type":"post","link":"https:\/\/maquisdelorris.fr\/resistance\/?p=8150","title":{"rendered":"Rendez-vous le 14 septembre pour la c\u00e9r\u00e9monie comm\u00e9morative du 81\u00e8me anniversaire des combats du 14 ao\u00fbt"},"content":{"rendered":"<div class=\"wp-block-image\">\n<figure class=\"aligncenter size-large is-resized\"><a href=\"https:\/\/maquisdelorris.fr\/resistance\/wp-content\/uploads\/2020\/08\/Logos-pour-c\u00e9r\u00e9monie-2.jpg\"><img loading=\"lazy\" decoding=\"async\" width=\"1024\" height=\"136\" src=\"https:\/\/maquisdelorris.fr\/resistance\/wp-content\/uploads\/2020\/08\/Logos-pour-c\u00e9r\u00e9monie-2-1024x136.jpg\" alt=\"\" class=\"wp-image-7226\" style=\"width:811px;height:107px\" srcset=\"https:\/\/maquisdelorris.fr\/resistance\/wp-content\/uploads\/2020\/08\/Logos-pour-c\u00e9r\u00e9monie-2-1024x136.jpg 1024w, https:\/\/maquisdelorris.fr\/resistance\/wp-content\/uploads\/2020\/08\/Logos-pour-c\u00e9r\u00e9monie-2-300x40.jpg 300w, https:\/\/maquisdelorris.fr\/resistance\/wp-content\/uploads\/2020\/08\/Logos-pour-c\u00e9r\u00e9monie-2-768x102.jpg 768w, https:\/\/maquisdelorris.fr\/resistance\/wp-content\/uploads\/2020\/08\/Logos-pour-c\u00e9r\u00e9monie-2-1536x204.jpg 1536w, https:\/\/maquisdelorris.fr\/resistance\/wp-content\/uploads\/2020\/08\/Logos-pour-c\u00e9r\u00e9monie-2-640x85.jpg 640w, https:\/\/maquisdelorris.fr\/resistance\/wp-content\/uploads\/2020\/08\/Logos-pour-c\u00e9r\u00e9monie-2.jpg 1758w\" sizes=\"auto, (max-width: 1024px) 100vw, 1024px\" \/><\/a><\/figure>\n<\/div>\n\n\n<p>Vous en avez d\u00e9sormais l&rsquo;habitude, le traditionnel rassemblement se tient \u00e0 pr\u00e9sent le dimanche pr\u00e9c\u00e9dant le 15 septembre, date officielle de la <a href=\"https:\/\/maquisdelorris.fr\/resistance\/?page_id=8156\" target=\"_blank\" rel=\"noopener\" title=\"\">dissolution du Maquis de Lorris<\/a>.<\/p>\n\n\n\n<p>L&rsquo;Association des Familles et Amis des Anciens du Maquis de Lorris et le comit\u00e9 organisateur vous invitent donc \u00e0 participer \u00e0 la c\u00e9r\u00e9monie comm\u00e9morative du 81\u00e8me anniversaire des combats du Maquis de Lorris du 14 ao\u00fbt 1944 le <strong><mark style=\"background-color:rgba(0, 0, 0, 0)\" class=\"has-inline-color has-vivid-green-cyan-color\">dimanche 14 septembre 2025<\/mark><\/strong> au <strong><mark style=\"background-color:rgba(0, 0, 0, 0)\" class=\"has-inline-color has-vivid-green-cyan-color\">Carrefour de la R\u00e9sistance<\/mark><\/strong> de Lorris, en pr\u00e9sence des autorit\u00e9s locales et d\u00e9partementales, des pr\u00e9sidents d&rsquo;associations patriotiques et de leurs porte-drapeaux.<\/p>\n\n\n\n<p>La c\u00e9r\u00e9monie d\u00e9butera \u00e0 <strong>10 H<\/strong> suivant le protocole que vous connaissez bien : un office \u0153cum\u00e9nique pr\u00e9c\u00e9dera le traditionnel recueillement au cimeti\u00e8re des Maquisards, avant la C\u00e9r\u00e9monie proprement dite face au M\u00e9morial, avec l&rsquo;appel du nom des Morts pour la France et le salut aux porte-drapeaux.<\/p>\n\n\n\n<p>La c\u00e9r\u00e9monie sera suivie d&rsquo;un vin d&rsquo;honneur dans la prairie derri\u00e8re la maison foresti\u00e8re de l&rsquo;Office national des for\u00eats.<\/p>\n\n\n\n<p><\/p>\n","protected":false},"excerpt":{"rendered":"<p>Vous en avez d\u00e9sormais l&rsquo;habitude, le traditionnel rassemblement se tient \u00e0 pr\u00e9sent le dimanche pr\u00e9c\u00e9dant le 15 septembre, date officielle de la dissolution du Maquis de Lorris. L&rsquo;Association des Familles et Amis des Anciens du Maquis de Lorris et le comit\u00e9 organisateur vous invitent donc \u00e0 participer \u00e0 la c\u00e9r\u00e9monie comm\u00e9morative du 81\u00e8me anniversaire des &hellip; <\/p>\n<p><a class=\"more-link btn\" href=\"https:\/\/maquisdelorris.fr\/resistance\/?p=8150\">Lire la suite<\/a><\/p>\n","protected":false},"author":5,"featured_media":7226,"comment_status":"closed","ping_status":"open","sticky":false,"template":"","format":"standard","meta":{"footnotes":""},"categories":[],"tags":[],"class_list":["post-8150","post","type-post","status-publish","format-standard","has-post-thumbnail","hentry","item-wrap"],"aioseo_notices":[],"views":75,"_links":{"self":[{"href":"https:\/\/maquisdelorris.fr\/resistance\/index.php?rest_route=\/wp\/v2\/posts\/8150","targetHints":{"allow":["GET"]}}],"collection":[{"href":"https:\/\/maquisdelorris.fr\/resistance\/index.php?rest_route=\/wp\/v2\/posts"}],"about":[{"href":"https:\/\/maquisdelorris.fr\/resistance\/index.php?rest_route=\/wp\/v2\/types\/post"}],"author":[{"embeddable":true,"href":"https:\/\/maquisdelorris.fr\/resistance\/index.php?rest_route=\/wp\/v2\/users\/5"}],"replies":[{"embeddable":true,"href":"https:\/\/maquisdelorris.fr\/resistance\/index.php?rest_route=%2Fwp%2Fv2%2Fcomments&post=8150"}],"version-history":[{"count":0,"href":"https:\/\/maquisdelorris.fr\/resistance\/index.php?rest_route=\/wp\/v2\/posts\/8150\/revisions"}],"wp:featuredmedia":[{"embeddable":true,"href":"https:\/\/maquisdelorris.fr\/resistance\/index.php?rest_route=\/wp\/v2\/media\/7226"}],"wp:attachment":[{"href":"https:\/\/maquisdelorris.fr\/resistance\/index.php?rest_route=%2Fwp%2Fv2%2Fmedia&parent=8150"}],"wp:term":[{"taxonomy":"category","embeddable":true,"href":"https:\/\/maquisdelorris.fr\/resistance\/index.php?rest_route=%2Fwp%2Fv2%2Fcategories&post=8150"},{"taxonomy":"post_tag","embeddable":true,"href":"https:\/\/maquisdelorris.fr\/resistance\/index.php?rest_route=%2Fwp%2Fv2%2Ftags&post=8150"}],"curies":[{"name":"wp","href":"https:\/\/api.w.org\/{rel}","templated":true}]}}