{"id":8707,"date":"2024-09-18T12:27:45","date_gmt":"2024-09-18T12:27:45","guid":{"rendered":"https:\/\/maquisdelorris.fr\/resistance\/?p=8707"},"modified":"2024-09-18T12:27:48","modified_gmt":"2024-09-18T12:27:48","slug":"les-sangliers-ressortent-enfin-du-bois","status":"publish","type":"post","link":"https:\/\/maquisdelorris.fr\/resistance\/?p=8707","title":{"rendered":"Les Sangliers ressortent enfin du bois !"},"content":{"rendered":"\n<p><\/p>\n\n\n\n<p class=\"has-vivid-green-cyan-color has-text-color has-link-color wp-elements-f5ac95ce35b21eaffe6c38f2366a6a36\">Je profite de la mise en ligne du compte-rendu de la c\u00e9r\u00e9monie du 15 septembre dernier pour remettre \u00ab\u00a0\u00e0 la une\u00a0\u00bb cet article du 5 ao\u00fbt dernier et vous rappeler la s\u00e9ance de d\u00e9dicace des Sangliers dimanche prochain !<\/p>\n\n\n\n<p>Eh oui, c&rsquo;est apr\u00e8s de (trop) longues ann\u00e9es de p\u00e9nurie que cet ouvrage fort demand\u00e9 b\u00e9n\u00e9ficie enfin d&rsquo;une r\u00e9\u00e9dition !<\/p>\n\n\n\n<p>Ces Sangliers 2.0, outre une nouvelle couverture souple, ont profit\u00e9 d&rsquo;une relecture attentive pour gommer les derni\u00e8res imperfections, avec le soutien du d\u00e9partement du Loiret et \u00e0 l&rsquo;initiative de l\u2019\u00e9quipe du&nbsp;<a href=\"http:\/\/www.museelorris.fr\/\" target=\"_blank\" rel=\"noreferrer noopener\">mus\u00e9e d\u00e9partemental de la R\u00e9sistance et de la D\u00e9portation de Lorris<\/a>, un grand merci \u00e0 tous !<\/p>\n\n\n\n<div class=\"wp-block-columns is-layout-flex wp-container-core-columns-is-layout-9d6595d7 wp-block-columns-is-layout-flex\">\n<div class=\"wp-block-column is-layout-flow wp-block-column-is-layout-flow\"><div class=\"wp-block-image\">\n<figure class=\"aligncenter size-large is-resized\"><a href=\"https:\/\/maquisdelorris.fr\/resistance\/wp-content\/uploads\/2024\/08\/Sangliers-V2-scaled.jpg\"><img loading=\"lazy\" decoding=\"async\" width=\"765\" height=\"1024\" src=\"https:\/\/maquisdelorris.fr\/resistance\/wp-content\/uploads\/2024\/08\/Sangliers-V2-765x1024.jpg\" alt=\"\" class=\"wp-image-8662\" style=\"width:304px;height:auto\" srcset=\"https:\/\/maquisdelorris.fr\/resistance\/wp-content\/uploads\/2024\/08\/Sangliers-V2-765x1024.jpg 765w, https:\/\/maquisdelorris.fr\/resistance\/wp-content\/uploads\/2024\/08\/Sangliers-V2-224x300.jpg 224w, https:\/\/maquisdelorris.fr\/resistance\/wp-content\/uploads\/2024\/08\/Sangliers-V2-768x1028.jpg 768w, https:\/\/maquisdelorris.fr\/resistance\/wp-content\/uploads\/2024\/08\/Sangliers-V2-1148x1536.jpg 1148w, https:\/\/maquisdelorris.fr\/resistance\/wp-content\/uploads\/2024\/08\/Sangliers-V2-1531x2048.jpg 1531w, https:\/\/maquisdelorris.fr\/resistance\/wp-content\/uploads\/2024\/08\/Sangliers-V2-640x856.jpg 640w, https:\/\/maquisdelorris.fr\/resistance\/wp-content\/uploads\/2024\/08\/Sangliers-V2-969x1296.jpg 969w, https:\/\/maquisdelorris.fr\/resistance\/wp-content\/uploads\/2024\/08\/Sangliers-V2-scaled.jpg 1913w\" sizes=\"auto, (max-width: 765px) 100vw, 765px\" \/><\/a><\/figure>\n<\/div><\/div>\n\n\n\n<div class=\"wp-block-column is-layout-flow wp-block-column-is-layout-flow\"><div class=\"wp-block-image\">\n<figure class=\"aligncenter size-large is-resized\"><a href=\"https:\/\/maquisdelorris.fr\/resistance\/wp-content\/uploads\/2024\/08\/Sangliers-V2-2-scaled.jpg\"><img loading=\"lazy\" decoding=\"async\" width=\"765\" height=\"1024\" src=\"https:\/\/maquisdelorris.fr\/resistance\/wp-content\/uploads\/2024\/08\/Sangliers-V2-2-765x1024.jpg\" alt=\"\" class=\"wp-image-8661\" style=\"width:304px\" srcset=\"https:\/\/maquisdelorris.fr\/resistance\/wp-content\/uploads\/2024\/08\/Sangliers-V2-2-765x1024.jpg 765w, https:\/\/maquisdelorris.fr\/resistance\/wp-content\/uploads\/2024\/08\/Sangliers-V2-2-224x300.jpg 224w, https:\/\/maquisdelorris.fr\/resistance\/wp-content\/uploads\/2024\/08\/Sangliers-V2-2-768x1028.jpg 768w, https:\/\/maquisdelorris.fr\/resistance\/wp-content\/uploads\/2024\/08\/Sangliers-V2-2-1148x1536.jpg 1148w, https:\/\/maquisdelorris.fr\/resistance\/wp-content\/uploads\/2024\/08\/Sangliers-V2-2-1531x2048.jpg 1531w, https:\/\/maquisdelorris.fr\/resistance\/wp-content\/uploads\/2024\/08\/Sangliers-V2-2-640x856.jpg 640w, https:\/\/maquisdelorris.fr\/resistance\/wp-content\/uploads\/2024\/08\/Sangliers-V2-2-969x1296.jpg 969w, https:\/\/maquisdelorris.fr\/resistance\/wp-content\/uploads\/2024\/08\/Sangliers-V2-2-scaled.jpg 1913w\" sizes=\"auto, (max-width: 765px) 100vw, 765px\" \/><\/a><\/figure>\n<\/div><\/div>\n<\/div>\n\n\n<div class=\"wp-block-image\">\n<figure class=\"alignright size-large is-resized\"><a href=\"https:\/\/maquisdelorris.fr\/resistance\/wp-content\/uploads\/2024\/08\/Musee-aout-2024.jpg\"><img loading=\"lazy\" decoding=\"async\" width=\"723\" height=\"1024\" src=\"https:\/\/maquisdelorris.fr\/resistance\/wp-content\/uploads\/2024\/08\/Musee-aout-2024-723x1024.jpg\" alt=\"\" class=\"wp-image-8711\" style=\"width:511px;height:auto\" srcset=\"https:\/\/maquisdelorris.fr\/resistance\/wp-content\/uploads\/2024\/08\/Musee-aout-2024-723x1024.jpg 723w, https:\/\/maquisdelorris.fr\/resistance\/wp-content\/uploads\/2024\/08\/Musee-aout-2024-212x300.jpg 212w, https:\/\/maquisdelorris.fr\/resistance\/wp-content\/uploads\/2024\/08\/Musee-aout-2024-768x1088.jpg 768w, https:\/\/maquisdelorris.fr\/resistance\/wp-content\/uploads\/2024\/08\/Musee-aout-2024-1084x1536.jpg 1084w, https:\/\/maquisdelorris.fr\/resistance\/wp-content\/uploads\/2024\/08\/Musee-aout-2024-640x907.jpg 640w, https:\/\/maquisdelorris.fr\/resistance\/wp-content\/uploads\/2024\/08\/Musee-aout-2024-969x1373.jpg 969w, https:\/\/maquisdelorris.fr\/resistance\/wp-content\/uploads\/2024\/08\/Musee-aout-2024.jpg 1088w\" sizes=\"auto, (max-width: 723px) 100vw, 723px\" \/><\/a><\/figure>\n<\/div>\n\n\n<p>Retrouvez donc <a href=\"https:\/\/maquisdelorris.fr\/resistance\/?page_id=53\" target=\"_blank\" rel=\"noopener\" title=\"\">les aventures de Jean<\/a>, personnage fictif du maquis de Lorris qui vous fera revivre les \u00e9v\u00e9nements, bien r\u00e9els eux, qui ont marqu\u00e9 cet \u00e9t\u00e9 1944 en for\u00eat d&rsquo;Orl\u00e9ans et jusqu&rsquo;\u00e0 Paris !<\/p>\n\n\n\n<h4 class=\"wp-block-heading\"><strong>Notez que je serai pr\u00e9sent au mus\u00e9e le dimanche 22 septembre pour une s\u00e9ance de d\u00e9dicace \u00e0 15h !<\/strong><\/h4>\n\n\n\n<p class=\"has-luminous-vivid-amber-color has-text-color has-link-color wp-elements-1f73be26e043b4fa34d74313b5433f30\"><strong>En vente uniquement \u00e0 la boutique du mus\u00e9e au prix de 25\u20ac, ouvert de 10h \u00e0 12h et de 14h \u00e0 18h tous les jours.<\/strong><\/p>\n\n\n\n<p>J&rsquo;en profite pour vous rappeler ci-contre les activit\u00e9s \u00e0 venir au mus\u00e9e en ce mois d&rsquo;ao\u00fbt, particuli\u00e8rement cette nouvelle lecture th\u00e9\u00e2tralis\u00e9e des Sangliers par l&rsquo;<a href=\"https:\/\/sites.google.com\/site\/atelieracoulisses\/accueil\" target=\"_blank\" rel=\"noopener\" title=\"\">Atelier \u00e0 Coulisses<\/a> de Lorris !<\/p>\n\n\n\n<p><\/p>\n","protected":false},"excerpt":{"rendered":"<p>Je profite de la mise en ligne du compte-rendu de la c\u00e9r\u00e9monie du 15 septembre dernier pour remettre \u00ab\u00a0\u00e0 la une\u00a0\u00bb cet article du 5 ao\u00fbt dernier et vous rappeler la s\u00e9ance de d\u00e9dicace des Sangliers dimanche prochain ! Eh oui, c&rsquo;est apr\u00e8s de (trop) longues ann\u00e9es de p\u00e9nurie que cet ouvrage fort demand\u00e9 b\u00e9n\u00e9ficie &hellip; <\/p>\n<p><a class=\"more-link btn\" href=\"https:\/\/maquisdelorris.fr\/resistance\/?p=8707\">Lire la suite<\/a><\/p>\n","protected":false},"author":5,"featured_media":8662,"comment_status":"closed","ping_status":"open","sticky":false,"template":"","format":"standard","meta":{"footnotes":""},"categories":[],"tags":[],"class_list":["post-8707","post","type-post","status-publish","format-standard","has-post-thumbnail","hentry","item-wrap"],"aioseo_notices":[],"views":39,"_links":{"self":[{"href":"https:\/\/maquisdelorris.fr\/resistance\/index.php?rest_route=\/wp\/v2\/posts\/8707","targetHints":{"allow":["GET"]}}],"collection":[{"href":"https:\/\/maquisdelorris.fr\/resistance\/index.php?rest_route=\/wp\/v2\/posts"}],"about":[{"href":"https:\/\/maquisdelorris.fr\/resistance\/index.php?rest_route=\/wp\/v2\/types\/post"}],"author":[{"embeddable":true,"href":"https:\/\/maquisdelorris.fr\/resistance\/index.php?rest_route=\/wp\/v2\/users\/5"}],"replies":[{"embeddable":true,"href":"https:\/\/maquisdelorris.fr\/resistance\/index.php?rest_route=%2Fwp%2Fv2%2Fcomments&post=8707"}],"version-history":[{"count":0,"href":"https:\/\/maquisdelorris.fr\/resistance\/index.php?rest_route=\/wp\/v2\/posts\/8707\/revisions"}],"wp:featuredmedia":[{"embeddable":true,"href":"https:\/\/maquisdelorris.fr\/resistance\/index.php?rest_route=\/wp\/v2\/media\/8662"}],"wp:attachment":[{"href":"https:\/\/maquisdelorris.fr\/resistance\/index.php?rest_route=%2Fwp%2Fv2%2Fmedia&parent=8707"}],"wp:term":[{"taxonomy":"category","embeddable":true,"href":"https:\/\/maquisdelorris.fr\/resistance\/index.php?rest_route=%2Fwp%2Fv2%2Fcategories&post=8707"},{"taxonomy":"post_tag","embeddable":true,"href":"https:\/\/maquisdelorris.fr\/resistance\/index.php?rest_route=%2Fwp%2Fv2%2Ftags&post=8707"}],"curies":[{"name":"wp","href":"https:\/\/api.w.org\/{rel}","templated":true}]}}