{"id":8731,"date":"2024-09-12T14:09:59","date_gmt":"2024-09-12T14:09:59","guid":{"rendered":"https:\/\/maquisdelorris.fr\/resistance\/?p=8731"},"modified":"2024-09-12T14:10:06","modified_gmt":"2024-09-12T14:10:06","slug":"attention-changement-dhoraire-ce-dimanche-pour-la-ceremonie-au-carrefour-de-la-resistance","status":"publish","type":"post","link":"https:\/\/maquisdelorris.fr\/resistance\/?p=8731","title":{"rendered":"ATTENTION, CHANGEMENT D&rsquo;HORAIRE CE DIMANCHE  POUR LA CEREMONIE AU CARREFOUR DE LA RESISTANCE !"},"content":{"rendered":"\n<p>Je vous relaie un message important de l\u2019Association des Familles et Amis des Anciens du Maquis de Lorris concernant la c\u00e9r\u00e9monie au Carrefour de la R\u00e9sistance ce dimanche 15 septembre\u00a0:<\/p>\n\n\n\n<p>\u00ab\u00a0En raison d\u2019un impr\u00e9vu ind\u00e9pendant de notre volont\u00e9, la <a href=\"https:\/\/maquisdelorris.fr\/resistance\/?p=8667\" target=\"_blank\" rel=\"noopener\" title=\"\">c\u00e9r\u00e9monie du souvenir de ce dimanche 15 septembre<\/a> au Carrefour de la R\u00e9sistance est\u00a0<strong><u>d\u00e9cal\u00e9e \u00e0 15h.<\/u><\/strong>\u00a0<\/p>\n\n\n\n<p>Le concert des Ch\u0153urs de l\u2019arm\u00e9e fran\u00e7aise \u00e0 l\u2019espace Jean Vilar est \u00e9galement\u00a0<strong>d\u00e9cal\u00e9 de 18h \u00e0 19h<\/strong>.\u00a0\u00bb<\/p>\n\n\n\n<p>Nous comptons sur votre pr\u00e9sence malgr\u00e9 tout !<\/p>\n","protected":false},"excerpt":{"rendered":"<p>Je vous relaie un message important de l\u2019Association des Familles et Amis des Anciens du Maquis de Lorris concernant la c\u00e9r\u00e9monie au Carrefour de la R\u00e9sistance ce dimanche 15 septembre\u00a0: \u00ab\u00a0En raison d\u2019un impr\u00e9vu ind\u00e9pendant de notre volont\u00e9, la c\u00e9r\u00e9monie du souvenir de ce dimanche 15 septembre au Carrefour de la R\u00e9sistance est\u00a0d\u00e9cal\u00e9e \u00e0 15h.\u00a0 &hellip; <\/p>\n<p><a class=\"more-link btn\" href=\"https:\/\/maquisdelorris.fr\/resistance\/?p=8731\">Lire la suite<\/a><\/p>\n","protected":false},"author":5,"featured_media":0,"comment_status":"closed","ping_status":"open","sticky":false,"template":"","format":"standard","meta":{"footnotes":""},"categories":[],"tags":[],"class_list":["post-8731","post","type-post","status-publish","format-standard","hentry","item-wrap"],"aioseo_notices":[],"views":45,"_links":{"self":[{"href":"https:\/\/maquisdelorris.fr\/resistance\/index.php?rest_route=\/wp\/v2\/posts\/8731","targetHints":{"allow":["GET"]}}],"collection":[{"href":"https:\/\/maquisdelorris.fr\/resistance\/index.php?rest_route=\/wp\/v2\/posts"}],"about":[{"href":"https:\/\/maquisdelorris.fr\/resistance\/index.php?rest_route=\/wp\/v2\/types\/post"}],"author":[{"embeddable":true,"href":"https:\/\/maquisdelorris.fr\/resistance\/index.php?rest_route=\/wp\/v2\/users\/5"}],"replies":[{"embeddable":true,"href":"https:\/\/maquisdelorris.fr\/resistance\/index.php?rest_route=%2Fwp%2Fv2%2Fcomments&post=8731"}],"version-history":[{"count":0,"href":"https:\/\/maquisdelorris.fr\/resistance\/index.php?rest_route=\/wp\/v2\/posts\/8731\/revisions"}],"wp:attachment":[{"href":"https:\/\/maquisdelorris.fr\/resistance\/index.php?rest_route=%2Fwp%2Fv2%2Fmedia&parent=8731"}],"wp:term":[{"taxonomy":"category","embeddable":true,"href":"https:\/\/maquisdelorris.fr\/resistance\/index.php?rest_route=%2Fwp%2Fv2%2Fcategories&post=8731"},{"taxonomy":"post_tag","embeddable":true,"href":"https:\/\/maquisdelorris.fr\/resistance\/index.php?rest_route=%2Fwp%2Fv2%2Ftags&post=8731"}],"curies":[{"name":"wp","href":"https:\/\/api.w.org\/{rel}","templated":true}]}}