{"id":9001,"date":"2025-07-18T14:12:12","date_gmt":"2025-07-18T14:12:12","guid":{"rendered":"https:\/\/maquisdelorris.fr\/resistance\/?p=9001"},"modified":"2025-07-18T14:14:41","modified_gmt":"2025-07-18T14:14:41","slug":"arbres-et-forets-dans-le-maquis-de-lorris-ecoutez-le-podcast-realise-par-des-etudiants-en-master-2-dhistoire-publique","status":"publish","type":"post","link":"https:\/\/maquisdelorris.fr\/resistance\/?p=9001","title":{"rendered":"Arbres et for\u00eats, dans le maquis de Lorris, \u00e9coutez le podcast r\u00e9alis\u00e9 par des \u00e9tudiants en Master 2 d&rsquo;Histoire publique !"},"content":{"rendered":"\n<p>C\u2019est au mois de d\u00e9cembre dernier que des \u00e9tudiants en Master 2 d\u2019histoire publique de l\u2019UPEC (universit\u00e9 Paris-Est-Cr\u00e9teil) ont travaill\u00e9 sur un projet de podcast, pour une s\u00e9rie consacr\u00e9e aux arbres et aux for\u00eats. Au programme des th\u00e8mes abord\u00e9s, les c\u00e8dres du Liban, Broc\u00e9liande avant Paimpont, G\u00e9vaudan la for\u00eat derri\u00e8re la b\u00eate, et bien s\u00fbr l\u2019\u00e9pisode consacr\u00e9 au&nbsp;maquis&nbsp;de Lorris.<\/p>\n\n\n\n<p>L\u2019enregistrement a \u00e9t\u00e9 effectu\u00e9 le samedi 18 janvier 2025, pour une diffusion quelques mois plus tard.<br><br>Le Podcast s\u2019intitule <a href=\"https:\/\/audioblog.arteradio.com\/blog\/160549\/histoire-sans-frontiere\" target=\"_blank\" rel=\"noopener\" title=\"\">\u00ab&nbsp;Histoire sans fronti\u00e8re&nbsp;\u00bb<\/a>, l&rsquo;atelier radiophonique des \u00e9tudiants du master Histoire publique de l&rsquo;universit\u00e9 Paris-Est-Cr\u00e9teil (arte radio), voici le lien direct pour aller l&rsquo;\u00e9couter !<\/p>\n\n\n\n<div class=\"wp-block-buttons is-content-justification-center is-layout-flex wp-container-core-buttons-is-layout-16018d1d wp-block-buttons-is-layout-flex\">\n<div class=\"wp-block-button\"><a class=\"wp-block-button__link wp-element-button\" href=\"https:\/\/audioblog.arteradio.com\/blog\/160549\/podcast\/247681\/arbres-et-forets-episode-4-dans-le-maquis-de-lorris\" target=\"_blank\" rel=\"noreferrer noopener\">Arbres et for\u00eats, dans le maquis de Lorris<\/a><\/div>\n<\/div>\n\n\n\n<p><br>Histoire sans fronti\u00e8re, l&rsquo;atelier radiophonique des \u00e9tudiants du master Histoire publique de l&rsquo;universit\u00e9 Paris-Est-Cr\u00e9teil<br><\/p>\n\n\n\n<p>S\u00e9rie consacr\u00e9e aux arbres et aux for\u00eats<\/p>\n\n\n\n<p>Episode 4, \u00ab Dans le maquis de Lorris \u00bb<br>Avec Prunelle Dauty, Vincent Fran\u00e7ois, Alexandre Janvier, Clara M\u00e9nard et Andr\u00e9a P\u00e9chin<\/p>\n\n\n\n<p>Interventions :<\/p>\n\n\n\n<p>Fabrice Grenard, \u00a0historien\u00a0sp\u00e9cialiste de la\u00a0Seconde Guerre mondiale, auteur de plusieurs ouvrages sur cette p\u00e9riode. Il dirige actuellement le d\u00e9partement recherche et p\u00e9dagogie de la\u00a0Fondation de la R\u00e9sistance,<\/p>\n\n\n\n<p>Hugo Henaut, Doctorant en biologie v\u00e9g\u00e9tale &#8211; Universit\u00e9 d&rsquo;Orl\u00e9ans,<\/p>\n\n\n\n<p>Beno\u00eet Momboisse, enseignant en Histoire au coll\u00e8ge Clos de l\u2019Orbelli\u00e8re d\u2019Olivet, et membre de l&rsquo;<a href=\"https:\/\/maquisdelorris.fr\/resistance\/?page_id=8887\" target=\"_blank\" rel=\"noopener\" title=\"\">AFAAM<\/a><\/p>\n\n\n\n<p>et Guillaume Pollack, professeur agr\u00e9g\u00e9 et docteur en histoire contemporaine de l\u2019Universit\u00e9 Paris 1 Panth\u00e9on-Sorbonne.<\/p>\n\n\n\n<p><br>Montage collectif des \u00e9tudiants, avec l&rsquo;aide de Luc Daireaux<br>Encadrement : Luc Daireaux<br>Musique (g\u00e9n\u00e9rique de d\u00e9but et de fin) : Metaphor, par Jason Shaw<br>Lien vers le blog du Master Histoire publique : <a href=\"https:\/\/histpubliq.hypotheses.org\/\">https:\/\/histpubliq.hypotheses.org\/<\/a><\/p>\n","protected":false},"excerpt":{"rendered":"<p>C\u2019est au mois de d\u00e9cembre dernier que des \u00e9tudiants en Master 2 d\u2019histoire publique de l\u2019UPEC (universit\u00e9 Paris-Est-Cr\u00e9teil) ont travaill\u00e9 sur un projet de podcast, pour une s\u00e9rie consacr\u00e9e aux arbres et aux for\u00eats. Au programme des th\u00e8mes abord\u00e9s, les c\u00e8dres du Liban, Broc\u00e9liande avant Paimpont, G\u00e9vaudan la for\u00eat derri\u00e8re la b\u00eate, et bien s\u00fbr &hellip; <\/p>\n<p><a class=\"more-link btn\" href=\"https:\/\/maquisdelorris.fr\/resistance\/?p=9001\">Lire la suite<\/a><\/p>\n","protected":false},"author":5,"featured_media":9002,"comment_status":"closed","ping_status":"open","sticky":false,"template":"","format":"standard","meta":{"footnotes":""},"categories":[],"tags":[],"class_list":["post-9001","post","type-post","status-publish","format-standard","has-post-thumbnail","hentry","item-wrap"],"aioseo_notices":[],"views":24,"_links":{"self":[{"href":"https:\/\/maquisdelorris.fr\/resistance\/index.php?rest_route=\/wp\/v2\/posts\/9001","targetHints":{"allow":["GET"]}}],"collection":[{"href":"https:\/\/maquisdelorris.fr\/resistance\/index.php?rest_route=\/wp\/v2\/posts"}],"about":[{"href":"https:\/\/maquisdelorris.fr\/resistance\/index.php?rest_route=\/wp\/v2\/types\/post"}],"author":[{"embeddable":true,"href":"https:\/\/maquisdelorris.fr\/resistance\/index.php?rest_route=\/wp\/v2\/users\/5"}],"replies":[{"embeddable":true,"href":"https:\/\/maquisdelorris.fr\/resistance\/index.php?rest_route=%2Fwp%2Fv2%2Fcomments&post=9001"}],"version-history":[{"count":0,"href":"https:\/\/maquisdelorris.fr\/resistance\/index.php?rest_route=\/wp\/v2\/posts\/9001\/revisions"}],"wp:featuredmedia":[{"embeddable":true,"href":"https:\/\/maquisdelorris.fr\/resistance\/index.php?rest_route=\/wp\/v2\/media\/9002"}],"wp:attachment":[{"href":"https:\/\/maquisdelorris.fr\/resistance\/index.php?rest_route=%2Fwp%2Fv2%2Fmedia&parent=9001"}],"wp:term":[{"taxonomy":"category","embeddable":true,"href":"https:\/\/maquisdelorris.fr\/resistance\/index.php?rest_route=%2Fwp%2Fv2%2Fcategories&post=9001"},{"taxonomy":"post_tag","embeddable":true,"href":"https:\/\/maquisdelorris.fr\/resistance\/index.php?rest_route=%2Fwp%2Fv2%2Ftags&post=9001"}],"curies":[{"name":"wp","href":"https:\/\/api.w.org\/{rel}","templated":true}]}}